{"id":9586,"date":"2023-12-25T08:00:54","date_gmt":"2023-12-25T11:00:54","guid":{"rendered":"https:\/\/blog.bsoft.com.br\/?p=9586"},"modified":"2025-06-24T17:05:40","modified_gmt":"2025-06-24T20:05:40","slug":"cargas-indivisiveis","status":"publish","type":"post","link":"https:\/\/bsoft.com.br\/blog\/cargas-indivisiveis","title":{"rendered":"Cargas indivis\u00edveis: o que s\u00e3o e quais as exig\u00eancias?"},"content":{"rendered":"<div id=\"bsf_rt_marker\"><\/div><p>H\u00e1 diferentes tipos de entregas a serem feitas no setor log\u00edstico, entre estas est\u00e3o as cargas indivis\u00edveis. \u00c9 uma remessa que merece uma aten\u00e7\u00e3o diferente por n\u00e3o poder ser fragmentada, como o nome j\u00e1 indica. Por isso, os profissionais devem conhecer os detalhes sobre isso a fim de executar o transporte correto.<\/p>\n<p>Neste texto, explicaremos mais acerca do que s\u00e3o as cargas indivis\u00edveis e, para tal, apresentaremos exemplos. Vamos esclarecer ainda quais s\u00e3o as exig\u00eancias impostas e de que modo deve ser realizado esse transporte. Por fim, abordaremos as adequa\u00e7\u00f5es de ve\u00edculos para transporte de cargas indivis\u00edveis.<\/p>\n<p>Fique conosco e entenda como melhorar suas entregas!<\/p>\n<h2><span class=\"ez-toc-section\" id=\"O_que_sao_cargas_indivisiveis\"><\/span>O que s\u00e3o cargas indivis\u00edveis?<span class=\"ez-toc-section-end\"><\/span><\/h2>\n<p>Trata-se de <a href=\"https:\/\/bsoft.com.br\/blog\/performance-de-entrega\">entregas<\/a> as quais n\u00e3o podem ser divididas em duas ou mais partes, pois isso pode gerar danos \u00e0 mercadoria ou mais gastos para transport\u00e1-la.<\/p>\n<p>Desse modo, consistem em grandes e \u00fanicos conte\u00fados, capazes de ultrapassar as restri\u00e7\u00f5es de peso e dimens\u00f5es apontadas pelo Conselho Nacional de Tr\u00e2nsito (Contran). Como exemplos, podemos mencionar:<\/p>\n<ul>\n<li>guindastes;<\/li>\n<li>transformadores;<\/li>\n<li>asas de avi\u00f5es;<\/li>\n<li>grandes m\u00e1quinas e equipamentos;<\/li>\n<li>estruturas de metal;<\/li>\n<li>toras de madeira;<\/li>\n<li>reatores.<\/li>\n<\/ul>\n<p>Se voc\u00ea deseja saber qual \u00e9 o ve\u00edculo que pode transportar cargas indivis\u00edveis, confira nossa calculadora clicando no banner abaixo:<\/p>\n<div class=\"banner_wrapper\" style=\"\"><div class=\"banner  banner-10078 bottom vert custom-banners-theme-default_style\" style=\"\"><img fetchpriority=\"high\" decoding=\"async\" width=\"1376\" height=\"396\" src=\"https:\/\/bsoft.com.br\/blog\/wp-content\/uploads\/2023\/12\/carga.webp\" class=\"attachment-full size-full\" alt=\"\" srcset=\"https:\/\/bsoft.com.br\/blog\/wp-content\/uploads\/2023\/12\/carga.webp 1376w, https:\/\/bsoft.com.br\/blog\/wp-content\/uploads\/2023\/12\/carga-300x86.webp 300w, https:\/\/bsoft.com.br\/blog\/wp-content\/uploads\/2023\/12\/carga-1024x295.webp 1024w, https:\/\/bsoft.com.br\/blog\/wp-content\/uploads\/2023\/12\/carga-768x221.webp 768w, https:\/\/bsoft.com.br\/blog\/wp-content\/uploads\/2023\/12\/carga-260x75.webp 260w, https:\/\/bsoft.com.br\/blog\/wp-content\/uploads\/2023\/12\/carga-50x14.webp 50w, https:\/\/bsoft.com.br\/blog\/wp-content\/uploads\/2023\/12\/carga-150x43.webp 150w\" sizes=\"(max-width: 1376px) 100vw, 1376px\" \/><a class=\"custom_banners_big_link\"  href=\"https:\/\/materiais.bsoft.com.br\/capacidade-de-carga-lp\"><\/a><\/div><\/div>\n<h2><span class=\"ez-toc-section\" id=\"Quais_exigencias_sao_impostas_para_efetuar_o_transporte_de_cargas_indivisiveis\"><\/span>Quais exig\u00eancias s\u00e3o impostas para efetuar o transporte de cargas indivis\u00edveis?<span class=\"ez-toc-section-end\"><\/span><\/h2>\n<p>De acordo com o Departamento Nacional de Infraestrutura de Transportes (DNIT), na R<a href=\"https:\/\/www.gov.br\/dnit\/pt-br\/central-de-conteudos\/atos-normativos\/tipo\/resolucoes\/resolucao-no-11-2022\">esolu\u00e7\u00e3o n\u00ba 11\/2022<\/a>, uma carga indivis\u00edvel \u00e9 uma remessa \u00fanica que vai al\u00e9m dos limites estipulados de peso e tamanho, e cujo o deslocamento deve ser executado com ve\u00edculos espec\u00edficos de lota\u00e7\u00e3o, que devem atender a aspectos particulares de:<\/p>\n<ul>\n<li><a href=\"https:\/\/bsoft.com.br\/blog\/capacidade-de-carga\">capacidade de carga<\/a>;<\/li>\n<li>dimens\u00f5es devidas;<\/li>\n<li>estrutura correta;<\/li>\n<li>suspens\u00e3o adequada;<\/li>\n<li>dire\u00e7\u00e3o apropriada.<\/li>\n<\/ul>\n<p>Al\u00e9m disso, h\u00e1 outros provid\u00eancias que a empresa e motoristas devem tomar. Confira a seguir quais s\u00e3o!<\/p>\n<h3>Autoriza\u00e7\u00e3o Especial de Transporte (AET)<\/h3>\n<p>A medida inicial \u00e9 conseguir um documento obrigat\u00f3rio para esse tipo de transporte \u2014 a Autoriza\u00e7\u00e3o Especial de Transporte (AET). Ele \u00e9 expedido pelo transportador ou embarcador ao preencher um formul\u00e1rio na <a href=\"https:\/\/www.gov.br\/dnit\/pt-br\">p\u00e1gina do DNIT<\/a>.<\/p>\n<p>Para os ve\u00edculos especiais, com estrutura e dimens\u00e3o voltadas a cargas indivis\u00edveis, o documento\u00a0tem uma validade de 90 dias. Mas, nesse caso, ele pode ser empregado apenas em um percurso j\u00e1 determinado e informado ao DNIT, com inser\u00e7\u00e3o da volta ao ponto de origem do transporte.<\/p>\n<p>O interessado consegue prorrogar esse <a href=\"https:\/\/bsoft.com.br\/blog\/dicas-para-garantir-o-prazo-de-entrega\">prazo<\/a> por um per\u00edodo igual, apresentando sua justificativa para finalizar o transporte dos itens restantes.<\/p>\n<p>Por\u00e9m, os ve\u00edculos espec\u00edficos para transportar esse tipo de carga conseguem uma AET com validade de at\u00e9 um ano, podendo ir e vir com mais tranquilidade para deslocar cargas indivis\u00edveis, durante o nascer at\u00e9 o p\u00f4r do sol, em rodovias federais, considerando tamb\u00e9m dias n\u00e3o \u00fateis.<\/p>\n<p>O deslocamento fora desse hor\u00e1rio deve ser realizado somente em rodovias com v\u00e1rias pistas e divis\u00f3rias f\u00edsicas entre elas. Em situa\u00e7\u00f5es excepcionais, o <a href=\"https:\/\/bsoft.com.br\/blog\/multas-do-dnit\">DNIT<\/a> pode permitir o tr\u00e2nsito desse ve\u00edculo apenas em hor\u00e1rio noturno.<\/p>\n<p>No entanto, para obter tal AET, o ve\u00edculo deve respeitar os seguintes aspectos:<\/p>\n<ul>\n<li>altura: 4,40 metros;<\/li>\n<li>largura: 3,20 metros;<\/li>\n<li>comprimento: 30 metros;<\/li>\n<li>peso bruto total: 57 toneladas.<\/li>\n<\/ul>\n<h3>Plano em caso de acidentes<\/h3>\n<p>Caso haja algum imprevisto s\u00e9rio no percurso, o motorista fica respons\u00e1vel por alertar a via e retirar a carga dentro de um intervalo aceit\u00e1vel, a fim de impedir transtornos no tr\u00e1fego do local. Por isso \u00e9 muito importante um plano de conting\u00eancia na ocorr\u00eancia de acidentes.<\/p>\n<p>O DNIT ou a <a href=\"https:\/\/bsoft.com.br\/blog\/multas-antt\">Ag\u00eancia Nacional de Transporte Terrestre (ANTT)<\/a> podem aplicar uma advert\u00eancia, se o fluxo da via n\u00e3o for normalizado dentro do per\u00edodo de 24 horas e o motorista n\u00e3o mostrar o plano de conting\u00eancia.<\/p>\n<h3>Escolta<\/h3>\n<p>Em alguns casos, \u00e9 poss\u00edvel que a institui\u00e7\u00e3o respons\u00e1vel pela emiss\u00e3o da AET estabele\u00e7a a necessidade de escolta ou batedores.<\/p>\n<p>Isso consiste em ve\u00edculos auxiliares, capazes de sinalizar sobre esse tipo de transporte e manter a viagem a mais segura poss\u00edvel. Para determinar a escolta, s\u00e3o avaliados aspectos do caminh\u00e3o, como:<\/p>\n<ul>\n<li>altura;<\/li>\n<li>comprimento;<\/li>\n<li>largura.<\/li>\n<\/ul>\n<h3>Sinaliza\u00e7\u00e3o<\/h3>\n<p>Ve\u00edculos atuantes no transporte de cargas indivis\u00edveis precisam ter um adesivo na parte de tr\u00e1s, vis\u00edvel e claro, alertando sobre essa condi\u00e7\u00e3o.<\/p>\n<p>Com isso, ele consegue alertar outros motoristas na via para que fiquem mais atentos, enquanto est\u00e3o pr\u00f3ximos do caminh\u00e3o com carga indivis\u00edvel, impedindo assim acidentes.<\/p>\n<h3>Tarifa<\/h3>\n<p>O motorista deve arcar com a Tarifa de Utiliza\u00e7\u00e3o da Via (TUV), caso o peso do ve\u00edculo mais a carga resulte em mais de 74 toneladas. Esse pagamento \u00e9 cobrado tanto para caminh\u00f5es voltados ao transporte de cargas indivis\u00edveis, como aos especiais acima do peso citado.<\/p>\n<p>A TUV \u00e9 estimada com base na dist\u00e2ncia da viagem, considerando o retorno, ainda que o ve\u00edculo volte sem nada. O pagamento da taxa evita para o transportador a aplica\u00e7\u00e3o de multas por peso excedente. No entanto, para tal, \u00e9 necess\u00e1rio que a mercadoria transportada esteja conforme a AET emitida.<\/p>\n<h3>Comboio<\/h3>\n<p>No caso de transporte em comboio, tamb\u00e9m h\u00e1 regras importantes a serem levadas a s\u00e9rio. Em tal situa\u00e7\u00e3o, o ve\u00edculo deve ficar a uma dist\u00e2ncia de 30 metros a 150 metros dos demais carros na via. Esse \u00e9 um cuidado de seguran\u00e7a e uma medida de dire\u00e7\u00e3o defensiva.<\/p>\n<p>N\u00f3s tamb\u00e9m temos um v\u00eddeo em <a href=\"https:\/\/www.youtube.com\/@bsoft\">nosso canal do YouTube<\/a> falando sobre cardas indivis\u00edveis, confira abaixo:<\/p>\n<p style=\"text-align: center;\"><iframe title=\"YouTube video player\" src=\"https:\/\/www.youtube.com\/embed\/Fa_ZdbqVC1Y?si=kd_KiJ45D9ViPmOe\" width=\"560\" height=\"315\" frameborder=\"0\" allowfullscreen=\"allowfullscreen\"><\/iframe><\/p>\n<h2><span class=\"ez-toc-section\" id=\"Quais_as_adequacoes_de_veiculos_para_transporte_de_cargas_indivisiveis\"><\/span>Quais as adequa\u00e7\u00f5es de ve\u00edculos para transporte de cargas indivis\u00edveis?<span class=\"ez-toc-section-end\"><\/span><\/h2>\n<p>Conforme a lei brasileira, nenhum caminh\u00e3o pode transitar nas rodovias sem ter as condi\u00e7\u00f5es de seguran\u00e7a necess\u00e1rias, al\u00e9m de estar adequadamente adequado e equipado para assegurar que mercadorias n\u00e3o causem acidentes nem se desloquem.<\/p>\n<p>Para tanto, o ve\u00edculo respons\u00e1vel por essa tarefa precisa apresentar caracter\u00edsticas b\u00e1sicas de desempenho em tal deslocamento, como um motor suficientemente potente e a tra\u00e7\u00e3o necess\u00e1ria para se movimentar, enquanto est\u00e1 com a carga indivis\u00edvel.<\/p>\n<p>\u00c9 importante avisar que o <a href=\"https:\/\/www.gov.br\/dnit\/pt-br\">DNIT<\/a> pode realizar vistorias pr\u00e9vias com a inten\u00e7\u00e3o de constatar se pesos e dimens\u00f5es est\u00e3o de acordo com a AET.<\/p>\n<p>Por essa raz\u00e3o, ao efetuar o transporte, \u00e9 necess\u00e1rio que o motorista fa\u00e7a ajustes indispens\u00e1veis no ve\u00edculo, como:<\/p>\n<ul>\n<li>implanta\u00e7\u00e3o da sinaliza\u00e7\u00e3o sonora e luminosa para seguran\u00e7a;<\/li>\n<li>recursos para a amarra\u00e7\u00e3o e prote\u00e7\u00e3o da carga;<\/li>\n<li>for\u00e7a de tra\u00e7\u00e3o potente;<\/li>\n<li>boas condi\u00e7\u00f5es de funcionamento;<\/li>\n<li><a href=\"https:\/\/bsoft.com.br\/blog\/manutencao-preventiva-da-frota\">manuten\u00e7\u00e3o preventiva<\/a> em dia;<\/li>\n<li>eixos dispostos de modo apropriado, a fim de que consigam garantir um peso bruto n\u00e3o acima dos limites m\u00e1ximos indicados na lei, pelo fabricante do caminh\u00e3o e o Instituto Nacional de Metrologia, Qualidade e Tecnologia (Inmetro).<\/li>\n<\/ul>\n<p>Como podemos ver, as cargas indivis\u00edveis n\u00e3o s\u00e3o como as demais entregas. O motorista e empresa respons\u00e1vel precisam ficar atentos a aspectos indispens\u00e1veis para evitar qualquer tipo de problema com as autoridades, al\u00e9m de acidentes e danos \u00e0 mercadoria.<\/p>\n<p>Compartilhe este post nas suas redes sociais para que mais pessoas saibam sobre esse tema!<\/p>\n","protected":false},"excerpt":{"rendered":"<p>H\u00e1 diferentes tipos de entregas a serem feitas no setor log\u00edstico, entre estas est\u00e3o as cargas indivis\u00edveis. \u00c9 uma remessa que merece uma aten\u00e7\u00e3o diferente por<span class=\"excerpt-hellip\"> [\u2026]<\/span><\/p>\n","protected":false},"author":18,"featured_media":9589,"comment_status":"open","ping_status":"open","sticky":false,"template":"","format":"standard","meta":{"content-type":"","footnotes":""},"categories":[280],"tags":[408,376,329],"class_list":["post-9586","post","type-post","status-publish","format-standard","has-post-thumbnail","hentry","category-frete","tag-cargas","tag-transportadora","tag-transporte"],"yoast_head":"<!-- This site is optimized with the Yoast SEO plugin v27.0 - https:\/\/yoast.com\/product\/yoast-seo-wordpress\/ -->\n<title>Cargas indivis\u00edveis: o que s\u00e3o e quais as exig\u00eancias? - Blog Bsoft<\/title>\n<meta name=\"description\" content=\"As cargas indivis\u00edveis s\u00e3o mercadorias de tamanho e dimens\u00f5es maiores, que precisam de ve\u00edculos e autoriza\u00e7\u00e3o especial para transporte.\" \/>\n<meta name=\"robots\" content=\"index, follow, max-snippet:-1, max-image-preview:large, max-video-preview:-1\" \/>\n<link rel=\"canonical\" href=\"https:\/\/bsoft.com.br\/blog\/cargas-indivisiveis\" \/>\n<meta name=\"twitter:label1\" content=\"Escrito por\" \/>\n\t<meta name=\"twitter:data1\" content=\"Giseli Scheidt\" \/>\n\t<meta name=\"twitter:label2\" content=\"Est. tempo de leitura\" \/>\n\t<meta name=\"twitter:data2\" content=\"7 minutos\" \/>\n<script type=\"application\/ld+json\" class=\"yoast-schema-graph\">{\"@context\":\"https:\/\/schema.org\",\"@graph\":[{\"@type\":\"Article\",\"@id\":\"https:\/\/bsoft.com.br\/blog\/cargas-indivisiveis#article\",\"isPartOf\":{\"@id\":\"https:\/\/bsoft.com.br\/blog\/cargas-indivisiveis\"},\"author\":{\"name\":\"Giseli Scheidt\",\"@id\":\"\/#\/schema\/person\/b84561649ccd4bf11782362a24bd1331\"},\"headline\":\"Cargas indivis\u00edveis: o que s\u00e3o e quais as exig\u00eancias?\",\"datePublished\":\"2023-12-25T11:00:54+00:00\",\"dateModified\":\"2025-06-24T20:05:40+00:00\",\"mainEntityOfPage\":{\"@id\":\"https:\/\/bsoft.com.br\/blog\/cargas-indivisiveis\"},\"wordCount\":1243,\"commentCount\":0,\"publisher\":{\"@id\":\"\/#organization\"},\"image\":{\"@id\":\"https:\/\/bsoft.com.br\/blog\/cargas-indivisiveis#primaryimage\"},\"thumbnailUrl\":\"https:\/\/bsoft.com.br\/blog\/wp-content\/uploads\/2023\/09\/cargas-indivisiveis-1.webp\",\"keywords\":[\"Cargas\",\"Transportadora\",\"Transporte\"],\"articleSection\":[\"Frete\"],\"inLanguage\":\"pt-BR\",\"potentialAction\":[{\"@type\":\"CommentAction\",\"name\":\"Comment\",\"target\":[\"https:\/\/bsoft.com.br\/blog\/cargas-indivisiveis#respond\"]}]},{\"@type\":\"WebPage\",\"@id\":\"https:\/\/bsoft.com.br\/blog\/cargas-indivisiveis\",\"url\":\"https:\/\/bsoft.com.br\/blog\/cargas-indivisiveis\",\"name\":\"Cargas indivis\u00edveis: o que s\u00e3o e quais as exig\u00eancias? - Blog Bsoft\",\"isPartOf\":{\"@id\":\"\/#website\"},\"primaryImageOfPage\":{\"@id\":\"https:\/\/bsoft.com.br\/blog\/cargas-indivisiveis#primaryimage\"},\"image\":{\"@id\":\"https:\/\/bsoft.com.br\/blog\/cargas-indivisiveis#primaryimage\"},\"thumbnailUrl\":\"https:\/\/bsoft.com.br\/blog\/wp-content\/uploads\/2023\/09\/cargas-indivisiveis-1.webp\",\"datePublished\":\"2023-12-25T11:00:54+00:00\",\"dateModified\":\"2025-06-24T20:05:40+00:00\",\"description\":\"As cargas indivis\u00edveis s\u00e3o mercadorias de tamanho e dimens\u00f5es maiores, que precisam de ve\u00edculos e autoriza\u00e7\u00e3o especial para transporte.\",\"inLanguage\":\"pt-BR\",\"potentialAction\":[{\"@type\":\"ReadAction\",\"target\":[\"https:\/\/bsoft.com.br\/blog\/cargas-indivisiveis\"]}]},{\"@type\":\"ImageObject\",\"inLanguage\":\"pt-BR\",\"@id\":\"https:\/\/bsoft.com.br\/blog\/cargas-indivisiveis#primaryimage\",\"url\":\"https:\/\/bsoft.com.br\/blog\/wp-content\/uploads\/2023\/09\/cargas-indivisiveis-1.webp\",\"contentUrl\":\"https:\/\/bsoft.com.br\/blog\/wp-content\/uploads\/2023\/09\/cargas-indivisiveis-1.webp\",\"width\":1719,\"height\":500,\"caption\":\"cargas indivis\u00edveis\"},{\"@type\":\"WebSite\",\"@id\":\"\/#website\",\"url\":\"\/\",\"name\":\"Blog Bsoft\",\"description\":\"Not\u00edcias, dicas e novidades sobre o setor de transporte rodovi\u00e1rio de cargas\",\"publisher\":{\"@id\":\"\/#organization\"},\"potentialAction\":[{\"@type\":\"SearchAction\",\"target\":{\"@type\":\"EntryPoint\",\"urlTemplate\":\"\/?s={search_term_string}\"},\"query-input\":{\"@type\":\"PropertyValueSpecification\",\"valueRequired\":true,\"valueName\":\"search_term_string\"}}],\"inLanguage\":\"pt-BR\"},{\"@type\":\"Organization\",\"@id\":\"\/#organization\",\"name\":\"Bsoft\",\"url\":\"\/\",\"logo\":{\"@type\":\"ImageObject\",\"inLanguage\":\"pt-BR\",\"@id\":\"\/#\/schema\/logo\/image\/\",\"url\":\"https:\/\/bsoft.com.br\/blog\/wp-content\/uploads\/2022\/02\/logo_bsoft-1.png\",\"contentUrl\":\"https:\/\/bsoft.com.br\/blog\/wp-content\/uploads\/2022\/02\/logo_bsoft-1.png\",\"width\":3000,\"height\":790,\"caption\":\"Bsoft\"},\"image\":{\"@id\":\"\/#\/schema\/logo\/image\/\"},\"sameAs\":[\"https:\/\/www.facebook.com\/grupobsoft\",\"https:\/\/x.com\/grupobsoft\",\"https:\/\/www.instagram.com\/bsoft_oficial\/\",\"https:\/\/www.linkedin.com\/company\/bsoft-internetworks\",\"https:\/\/www.youtube.com\/c\/bsoft\"]},{\"@type\":\"Person\",\"@id\":\"\/#\/schema\/person\/b84561649ccd4bf11782362a24bd1331\",\"name\":\"Giseli Scheidt\",\"image\":{\"@type\":\"ImageObject\",\"inLanguage\":\"pt-BR\",\"@id\":\"\/#\/schema\/person\/image\/\",\"url\":\"https:\/\/bsoft.com.br\/blog\/wp-content\/uploads\/2025\/06\/giseli_scheidt_2024.png\",\"contentUrl\":\"https:\/\/bsoft.com.br\/blog\/wp-content\/uploads\/2025\/06\/giseli_scheidt_2024.png\",\"caption\":\"Giseli Scheidt\"},\"url\":\"https:\/\/bsoft.com.br\/blog\/author\/giseli_scheidt\"}]}<\/script>\n<!-- \/ Yoast SEO plugin. -->","yoast_head_json":{"title":"Cargas indivis\u00edveis: o que s\u00e3o e quais as exig\u00eancias? - Blog Bsoft","description":"As cargas indivis\u00edveis s\u00e3o mercadorias de tamanho e dimens\u00f5es maiores, que precisam de ve\u00edculos e autoriza\u00e7\u00e3o especial para transporte.","robots":{"index":"index","follow":"follow","max-snippet":"max-snippet:-1","max-image-preview":"max-image-preview:large","max-video-preview":"max-video-preview:-1"},"canonical":"https:\/\/bsoft.com.br\/blog\/cargas-indivisiveis","twitter_misc":{"Escrito por":"Giseli Scheidt","Est. tempo de leitura":"7 minutos"},"schema":{"@context":"https:\/\/schema.org","@graph":[{"@type":"Article","@id":"https:\/\/bsoft.com.br\/blog\/cargas-indivisiveis#article","isPartOf":{"@id":"https:\/\/bsoft.com.br\/blog\/cargas-indivisiveis"},"author":{"name":"Giseli Scheidt","@id":"\/#\/schema\/person\/b84561649ccd4bf11782362a24bd1331"},"headline":"Cargas indivis\u00edveis: o que s\u00e3o e quais as exig\u00eancias?","datePublished":"2023-12-25T11:00:54+00:00","dateModified":"2025-06-24T20:05:40+00:00","mainEntityOfPage":{"@id":"https:\/\/bsoft.com.br\/blog\/cargas-indivisiveis"},"wordCount":1243,"commentCount":0,"publisher":{"@id":"\/#organization"},"image":{"@id":"https:\/\/bsoft.com.br\/blog\/cargas-indivisiveis#primaryimage"},"thumbnailUrl":"https:\/\/bsoft.com.br\/blog\/wp-content\/uploads\/2023\/09\/cargas-indivisiveis-1.webp","keywords":["Cargas","Transportadora","Transporte"],"articleSection":["Frete"],"inLanguage":"pt-BR","potentialAction":[{"@type":"CommentAction","name":"Comment","target":["https:\/\/bsoft.com.br\/blog\/cargas-indivisiveis#respond"]}]},{"@type":"WebPage","@id":"https:\/\/bsoft.com.br\/blog\/cargas-indivisiveis","url":"https:\/\/bsoft.com.br\/blog\/cargas-indivisiveis","name":"Cargas indivis\u00edveis: o que s\u00e3o e quais as exig\u00eancias? - Blog Bsoft","isPartOf":{"@id":"\/#website"},"primaryImageOfPage":{"@id":"https:\/\/bsoft.com.br\/blog\/cargas-indivisiveis#primaryimage"},"image":{"@id":"https:\/\/bsoft.com.br\/blog\/cargas-indivisiveis#primaryimage"},"thumbnailUrl":"https:\/\/bsoft.com.br\/blog\/wp-content\/uploads\/2023\/09\/cargas-indivisiveis-1.webp","datePublished":"2023-12-25T11:00:54+00:00","dateModified":"2025-06-24T20:05:40+00:00","description":"As cargas indivis\u00edveis s\u00e3o mercadorias de tamanho e dimens\u00f5es maiores, que precisam de ve\u00edculos e autoriza\u00e7\u00e3o especial para transporte.","inLanguage":"pt-BR","potentialAction":[{"@type":"ReadAction","target":["https:\/\/bsoft.com.br\/blog\/cargas-indivisiveis"]}]},{"@type":"ImageObject","inLanguage":"pt-BR","@id":"https:\/\/bsoft.com.br\/blog\/cargas-indivisiveis#primaryimage","url":"https:\/\/bsoft.com.br\/blog\/wp-content\/uploads\/2023\/09\/cargas-indivisiveis-1.webp","contentUrl":"https:\/\/bsoft.com.br\/blog\/wp-content\/uploads\/2023\/09\/cargas-indivisiveis-1.webp","width":1719,"height":500,"caption":"cargas indivis\u00edveis"},{"@type":"WebSite","@id":"\/#website","url":"\/","name":"Blog Bsoft","description":"Not\u00edcias, dicas e novidades sobre o setor de transporte rodovi\u00e1rio de cargas","publisher":{"@id":"\/#organization"},"potentialAction":[{"@type":"SearchAction","target":{"@type":"EntryPoint","urlTemplate":"\/?s={search_term_string}"},"query-input":{"@type":"PropertyValueSpecification","valueRequired":true,"valueName":"search_term_string"}}],"inLanguage":"pt-BR"},{"@type":"Organization","@id":"\/#organization","name":"Bsoft","url":"\/","logo":{"@type":"ImageObject","inLanguage":"pt-BR","@id":"\/#\/schema\/logo\/image\/","url":"https:\/\/bsoft.com.br\/blog\/wp-content\/uploads\/2022\/02\/logo_bsoft-1.png","contentUrl":"https:\/\/bsoft.com.br\/blog\/wp-content\/uploads\/2022\/02\/logo_bsoft-1.png","width":3000,"height":790,"caption":"Bsoft"},"image":{"@id":"\/#\/schema\/logo\/image\/"},"sameAs":["https:\/\/www.facebook.com\/grupobsoft","https:\/\/x.com\/grupobsoft","https:\/\/www.instagram.com\/bsoft_oficial\/","https:\/\/www.linkedin.com\/company\/bsoft-internetworks","https:\/\/www.youtube.com\/c\/bsoft"]},{"@type":"Person","@id":"\/#\/schema\/person\/b84561649ccd4bf11782362a24bd1331","name":"Giseli Scheidt","image":{"@type":"ImageObject","inLanguage":"pt-BR","@id":"\/#\/schema\/person\/image\/","url":"https:\/\/bsoft.com.br\/blog\/wp-content\/uploads\/2025\/06\/giseli_scheidt_2024.png","contentUrl":"https:\/\/bsoft.com.br\/blog\/wp-content\/uploads\/2025\/06\/giseli_scheidt_2024.png","caption":"Giseli Scheidt"},"url":"https:\/\/bsoft.com.br\/blog\/author\/giseli_scheidt"}]}},"_links":{"self":[{"href":"https:\/\/bsoft.com.br\/blog\/wp-json\/wp\/v2\/posts\/9586","targetHints":{"allow":["GET"]}}],"collection":[{"href":"https:\/\/bsoft.com.br\/blog\/wp-json\/wp\/v2\/posts"}],"about":[{"href":"https:\/\/bsoft.com.br\/blog\/wp-json\/wp\/v2\/types\/post"}],"author":[{"embeddable":true,"href":"https:\/\/bsoft.com.br\/blog\/wp-json\/wp\/v2\/users\/18"}],"replies":[{"embeddable":true,"href":"https:\/\/bsoft.com.br\/blog\/wp-json\/wp\/v2\/comments?post=9586"}],"version-history":[{"count":1,"href":"https:\/\/bsoft.com.br\/blog\/wp-json\/wp\/v2\/posts\/9586\/revisions"}],"predecessor-version":[{"id":14533,"href":"https:\/\/bsoft.com.br\/blog\/wp-json\/wp\/v2\/posts\/9586\/revisions\/14533"}],"wp:featuredmedia":[{"embeddable":true,"href":"https:\/\/bsoft.com.br\/blog\/wp-json\/wp\/v2\/media\/9589"}],"wp:attachment":[{"href":"https:\/\/bsoft.com.br\/blog\/wp-json\/wp\/v2\/media?parent=9586"}],"wp:term":[{"taxonomy":"category","embeddable":true,"href":"https:\/\/bsoft.com.br\/blog\/wp-json\/wp\/v2\/categories?post=9586"},{"taxonomy":"post_tag","embeddable":true,"href":"https:\/\/bsoft.com.br\/blog\/wp-json\/wp\/v2\/tags?post=9586"}],"curies":[{"name":"wp","href":"https:\/\/api.w.org\/{rel}","templated":true}]}}