{"id":7956,"date":"2025-09-15T08:00:00","date_gmt":"2025-09-15T11:00:00","guid":{"rendered":"https:\/\/blog.bsoft.com.br\/?p=7956"},"modified":"2026-01-21T15:52:10","modified_gmt":"2026-01-21T18:52:10","slug":"como-fazer-o-manifesto-de-transporte","status":"publish","type":"post","link":"https:\/\/bsoft.com.br\/blog\/como-fazer-o-manifesto-de-transporte","title":{"rendered":"Como fazer o manifesto de transporte?"},"content":{"rendered":"<div id=\"bsf_rt_marker\"><\/div><p><span style=\"font-weight: 400;\">Se voc\u00ea trabalha com transportes ou transporte de cargas, j\u00e1 deve ter se deparado com o manifesto de transporte. Mas afinal de contas o que \u00e9 MDF-e o e por que ele \u00e9 importante?<\/span><\/p>\n<p><span style=\"font-weight: 400;\">Neste post, vamos esclarecer as suas d\u00favidas e tamb\u00e9m dar dicas sobre a emiss\u00e3o.<\/span><\/p>\n<h2><span class=\"ez-toc-section\" id=\"O_que_e_o_Manifesto_de_Transporte\"><\/span><b>O que \u00e9 o Manifesto de Transporte?<\/b><span class=\"ez-toc-section-end\"><\/span><\/h2>\n<p><span style=\"font-weight: 400;\">O manifesto de transporte, ou<\/span><a href=\"https:\/\/bsoft.com.br\/blog\/saiba-tudo-sobre-mdfe\"> <span style=\"font-weight: 400;\">MDF-e<\/span><\/a><span style=\"font-weight: 400;\">, \u00e9 um documento eletr\u00f4nico obrigat\u00f3rio emitido de forma eletr\u00f4nica atrav\u00e9s de um sistema emissor que transmite as informa\u00e7\u00f5es para a SEFAZ (Secret\u00e1ria da Fazenda).<\/span><\/p>\n<p><span style=\"font-weight: 400;\">Ap\u00f3s a emiss\u00e3o, \u00e9 poss\u00edvel obter o DAMDF-e, que \u00e9 o documento auxiliar do manifesto de transporte, e deve acompanhar a carga ao longo do trajeto.<\/span><\/p>\n<p><span style=\"font-weight: 400;\">Al\u00e9m disso, o manifesto de transporte pode levar v\u00e1rios nomes. Por exemplo, algumas pessoas se referem a ele como manifesto de frete,<\/span><a href=\"https:\/\/bsoft.com.br\/blog\/manifesto-de-carga\"> <span style=\"font-weight: 400;\">manifesto de carga<\/span><\/a><span style=\"font-weight: 400;\"> ou ainda, manifesto eletr\u00f4nico de<\/span><a href=\"https:\/\/bsoft.com.br\/blog\/tipos-de-documentos-fiscais-eletronicos\"> <span style=\"font-weight: 400;\">documentos fiscais<\/span><\/a><span style=\"font-weight: 400;\">. Mas todos eles remetem ao mesmo documento, o MDF-e.<\/span><\/p>\n<p><span style=\"font-weight: 400;\">O MDF-e surgiu em 2010, para substituir o manifesto de carga modelo 25, um documento impresso que n\u00e3o era transmitido para a SEFAZ. Entretanto, apenas em 2014 tornou-se uma obrigatoriedade para empresas do ramo de transporte.\u00a0<\/span><\/p>\n<h2><span class=\"ez-toc-section\" id=\"Para_que_serve_o_MDF-e\"><\/span><b>Para que serve o MDF-e?\u00a0<\/b><span class=\"ez-toc-section-end\"><\/span><\/h2>\n<p><span style=\"font-weight: 400;\">O manifesto de transporte serve para agrupar todos os documentos emitidos para a viagem em apenas um. Ou seja, o mesmo trajeto pode conter diversos CT-es e NF-es, mas juntando todas as informa\u00e7\u00f5es no MDF-e, o processo de confer\u00eancia por parte da fiscaliza\u00e7\u00e3o fica bem mais f\u00e1cil.<\/span><\/p>\n<p><span style=\"font-weight: 400;\">Ao longo dos anos, o manifesto de carga tamb\u00e9m ganhou mais relev\u00e2ncia. Isto se deve ao fato de que algumas informa\u00e7\u00f5es antes registradas no CT-e, passaram a ser informadas no MDF-e. Como por exemplo, informa\u00e7\u00f5es sobre o ve\u00edculo e motorista.<\/span><\/p>\n<p><span style=\"font-weight: 400;\">Sendo assim, os sistemas de averba\u00e7\u00e3o e seguradoras utilizam o MDF-e como complemento de informa\u00e7\u00f5es para assegurar a carga.<\/span><\/p>\n<p><span style=\"font-weight: 400;\">Outros dados obrigat\u00f3rios, como os dados do<\/span><a href=\"https:\/\/bsoft.com.br\/blog\/lei-do-vale-pedagio-obrigatorio\"> <span style=\"font-weight: 400;\">vale-ped\u00e1gio obrigat\u00f3rio<\/span><\/a><span style=\"font-weight: 400;\">, n\u00famero do<\/span><a href=\"https:\/\/bsoft.com.br\/blog\/o-que-e-ciot-como-emitir-e-quando-deve-ser-usado#O_que_e_CIOT\"> <span style=\"font-weight: 400;\">CIOT<\/span><\/a><span style=\"font-weight: 400;\"> e informa\u00e7\u00f5es sobre o<\/span><a href=\"https:\/\/bsoft.com.br\/blog\/seguro-de-carga\"> <span style=\"font-weight: 400;\">seguro da mercadoria<\/span><\/a><span style=\"font-weight: 400;\"> tamb\u00e9m s\u00e3o registrados no manifesto de transporte, uma vez que o documento re\u00fane diversas informa\u00e7\u00f5es importantes sobre o transporte.<\/span><\/p>\n<h2><span class=\"ez-toc-section\" id=\"Por_que_e_necessario_emitir_o_Manifesto_de_Transporte\"><\/span><b>Por que \u00e9 necess\u00e1rio emitir o Manifesto de Transporte?\u00a0<\/b><span class=\"ez-toc-section-end\"><\/span><\/h2>\n<p><span style=\"font-weight: 400;\">O manifesto de transporte eletr\u00f4nico \u00e9 um documento obrigat\u00f3rio em todo o territ\u00f3rio nacional, tanto para transportes estaduais ou interestaduais, sejam eles do tipo carga lota\u00e7\u00e3o ou<\/span><a href=\"https:\/\/bsoft.com.br\/blog\/carga-fracionada-2\"> <span style=\"font-weight: 400;\">carga fracionada<\/span><\/a><span style=\"font-weight: 400;\">.\u00a0<\/span><\/p>\n<p><span style=\"font-weight: 400;\">O ve\u00edculo pode ser apreendido e a empresa transportadora pode ser multada se n\u00e3o emitir o MDF-e. Vale a pena destacar, que nem sempre o ve\u00edculo chega a ser parado em um posto de fiscaliza\u00e7\u00e3o para ser multado.<\/span><\/p>\n<p><span style=\"font-weight: 400;\">Hoje em dia, a verifica\u00e7\u00e3o pode ser realizada por meio de radares eletr\u00f4nicos, onde a placa do ve\u00edculo \u00e9 lida e a verifica\u00e7\u00e3o dos documentos \u00e9 realizada de forma autom\u00e1tica.<\/span><\/p>\n<p><span style=\"font-weight: 400;\">Al\u00e9m disso, n\u00e3o emitir MDFe pode ocasionar multas e outras penalidades, j\u00e1 que o documento \u00e9 obrigat\u00f3rio em todo o territ\u00f3rio brasileiro.<\/span><\/p>\n<h2><span class=\"ez-toc-section\" id=\"Quando_o_MDFe_precisa_ser_emitido\"><\/span><b>Quando o MDFe precisa ser emitido?<\/b><span class=\"ez-toc-section-end\"><\/span><\/h2>\n<p><span style=\"font-weight: 400;\">Sempre que houver transporte de cargas interestadual ou intermunicipal. Muitas pessoas ainda acham que o MDFe n\u00e3o \u00e9 obrigat\u00f3rio em transportes dentro do estado, mas ele \u00e9 sim obrigat\u00f3rio em todos os estados brasileiros.<\/span><\/p>\n<p><span style=\"font-weight: 400;\">\u00c9 necess\u00e1rio emitir um manifesto de carga para cada UF de descarregamento ou transbordo. Ou seja, se um mesmo transporte tem descarregamento em dois estados diferentes, s\u00e3o necess\u00e1rios dois documentos fiscais para a mesma viagem.<\/span><\/p>\n<h2><span class=\"ez-toc-section\" id=\"Quem_e_obrigado_a_emitir_o_manifesto_de_transporte\"><\/span><b>Quem \u00e9 obrigado a emitir o manifesto de transporte?<\/b><span class=\"ez-toc-section-end\"><\/span><\/h2>\n<p><span style=\"font-weight: 400;\">O manifesto de carga precisa ser emitido por:<\/span><\/p>\n<ul>\n<li style=\"font-weight: 400;\" aria-level=\"1\"><span style=\"font-weight: 400;\">Transportadoras de carga, que realizam transporte remunerado;<\/span><\/li>\n<li style=\"font-weight: 400;\" aria-level=\"1\"><span style=\"font-weight: 400;\">Transportadoras de carga pr\u00f3pria: mesmo que contratem motoristas aut\u00f4nomos.<\/span><\/li>\n<\/ul>\n<h3><b>Quem n\u00e3o precisa emitir manifesto de carga?<\/b><\/h3>\n<p><span style=\"font-weight: 400;\">Assim como tem as pessoas que s\u00e3o obrigadas a emitir, existem aquelas que n\u00e3o precisam:<\/span><\/p>\n<ul>\n<li style=\"font-weight: 400;\" aria-level=\"1\"><span style=\"font-weight: 400;\">Motoristas aut\u00f4nomos ou contratados;<\/span><\/li>\n<li style=\"font-weight: 400;\" aria-level=\"1\"><span style=\"font-weight: 400;\">MEI (Micro empres\u00e1rio Individual): apesar de poder emitir atrav\u00e9s de aplicativos disponibilizados pelo governo, n\u00e3o \u00e9 obrigado.<\/span><\/li>\n<\/ul>\n<h2><span class=\"ez-toc-section\" id=\"Como_emitir_o_manifesto_de_transporte\"><\/span><b>Como emitir o manifesto de transporte?\u00a0<\/b><span class=\"ez-toc-section-end\"><\/span><\/h2>\n<p><span style=\"font-weight: 400;\">Para realizar a emiss\u00e3o de manifestos de carga, \u00e9 necess\u00e1rio que sua empresa atenda aos requisitos abaixo:\u00a0<\/span><\/p>\n<ul>\n<li style=\"font-weight: 400;\" aria-level=\"1\"><span style=\"font-weight: 400;\">Estar devidamente cadastrada na Secretaria da Fazenda do seu estado;\u00a0<\/span><\/li>\n<li style=\"font-weight: 400;\" aria-level=\"1\"><span style=\"font-weight: 400;\">Estar credenciado para emiss\u00e3o de CT-e ou NF-e;\u00a0<\/span><\/li>\n<li style=\"font-weight: 400;\" aria-level=\"1\"><span style=\"font-weight: 400;\">Possuir Certificado Digital;\u00a0<\/span><\/li>\n<\/ul>\n<ul>\n<li style=\"font-weight: 400;\" aria-level=\"1\"><span style=\"font-weight: 400;\">Ter conex\u00e3o com a internet;\u00a0<\/span><\/li>\n<li style=\"font-weight: 400;\" aria-level=\"1\"><span style=\"font-weight: 400;\">Possuir um sistema para a emiss\u00e3o de MDF-e.\u00a0<\/span><\/li>\n<\/ul>\n<p><span style=\"font-weight: 400;\">Logo depois de verificar as requisi\u00e7\u00f5es acima, \u00e9 necess\u00e1rio preencher o MDF-e no software emissor, que vai levar os dados do ve\u00edculo, motorista, carga, seguro e informa\u00e7\u00f5es sobre o<\/span><a href=\"https:\/\/bsoft.com.br\/blog\/contrato-de-transporte\"> <span style=\"font-weight: 400;\">contrato de transporte<\/span><\/a><span style=\"font-weight: 400;\">, como vale ped\u00e1gio e<\/span><a href=\"https:\/\/bsoft.com.br\/blog\/o-que-e-ciot-como-emitir-e-quando-deve-ser-usado\"> <span style=\"font-weight: 400;\">CIOT<\/span><\/a><span style=\"font-weight: 400;\">.<\/span><\/p>\n<p><span style=\"font-weight: 400;\">Juntamente com os documentos fiscais relacionados, sejam eles conhecimentos ou notas fiscais.\u00a0<\/span><\/p>\n<p><span style=\"font-weight: 400;\">Ap\u00f3s este processo, \u00e9 feita a assinatura digital e o manifesto de carga \u00e9 enviado para a SEFAZ, que \u00e9 o ambiente autorizador, que deve retornar a informa\u00e7\u00e3o de que documento foi validado ou se houve algum erro que precisa ser corrigido para finalizar a emiss\u00e3o.\u00a0<\/span><\/p>\n<h2><span class=\"ez-toc-section\" id=\"Outros_detalhes_sobre_o_MDF-e\"><\/span><b>Outros detalhes sobre o MDF-e<\/b><span class=\"ez-toc-section-end\"><\/span><\/h2>\n<h3><b>Prazo de cancelamento<\/b><\/h3>\n<p><span style=\"font-weight: 400;\">Uma das coisas que mais gera d\u00favida a respeito do manifesto de carga \u00e9 o prazo para cancelamento, que \u00e9 de apenas 24 horas. Diferente de documentos como NF-e e CT-e em que o prazo na maioria dos estados brasileiros \u00e9 de 7 dias.<\/span><\/p>\n<h3><b>Encerramento de MDF-e<\/b><\/h3>\n<p><span style=\"font-weight: 400;\">Outra particularidade do MDF-e \u00e9 que ele possui o evento de encerramento, que serve para notificar a SEFAZ que o transporte terminou<\/span><\/p>\n<p><span style=\"font-weight: 400;\">Desse modo, este evento \u00e9 t\u00e3o importante que SEFAZ pode bloquear a emiss\u00e3o de novos manifestos de transporte para o mesmo ve\u00edculo e estado de entrega, caso o documento anterior n\u00e3o esteja devidamente encerrado.<\/span><\/p>\n<p><span style=\"font-weight: 400;\">Depois de lan\u00e7ar o evento de encerramento, n\u00e3o \u00e9 poss\u00edvel cancelar o MDFe, mesmo que ainda esteja dentro do prazo estipulado, pois entende-se que o processo de transporte j\u00e1 acabou.<\/span><\/p>\n<h3><b>Precisa imprimir o MDFe?<\/b><\/h3>\n<p><span style=\"font-weight: 400;\">A partir de janeiro de 2023 houve o fim da obriga\u00e7\u00e3o de apresentar o<\/span><a href=\"https:\/\/bsoft.com.br\/blog\/fim-da-impressao-do-dacte\"> <span style=\"font-weight: 400;\">DAMDF-e de forma impressa<\/span><\/a><span style=\"font-weight: 400;\">. Agora os emitentes de manifesto de transporte t\u00eam garantias para apresentar o documento tamb\u00e9m em dispositivos eletr\u00f4nicos como o celular do motorista, por exemplo.<\/span><\/p>\n<h3><b>Qual \u00e9 a diferen\u00e7a entre emitir manifesto a partir de NF-e ou CT-e?\u00a0<\/b><\/h3>\n<p><span style=\"font-weight: 400;\">A emiss\u00e3o do manifesto de transporte utilizando NF-es ocorre quando o propriet\u00e1rio da mercadoria \u00e9 respons\u00e1vel pelo transporte e ir\u00e1 realiz\u00e1-lo utilizando ve\u00edculo pr\u00f3prio. J\u00e1 as empresas transportadoras que foram contratadas para realizar o transporte, devem emitir o MDFe a partir de CT-es.<\/span><\/p>\n<h2><span class=\"ez-toc-section\" id=\"Quais_sao_as_ultimas_atualizacoes_no_MDF-e\"><\/span><b>Quais s\u00e3o as \u00faltimas atualiza\u00e7\u00f5es no MDF-e?<\/b><span class=\"ez-toc-section-end\"><\/span><\/h2>\n<p><span style=\"font-weight: 400;\">Em 2025, est\u00e3o sendo adicionados novos campos ao MDFe, referentes aos dados de pagamento da pessoa que est\u00e1 realizando o transporte:<\/span><\/p>\n<ul>\n<li style=\"font-weight: 400;\" aria-level=\"1\"><span style=\"font-weight: 400;\">Empresas contratadas por embarcadores para realizarem o transporte, podem colocar seus pr\u00f3prios dados de pagamento;<\/span><\/li>\n<li style=\"font-weight: 400;\" aria-level=\"1\"><span style=\"font-weight: 400;\">Empresas que subcontratam, seja outras transportadoras ou motoristas, devem registrar os dados de pagamento do subcontratado.<\/span><\/li>\n<\/ul>\n<p><span style=\"font-weight: 400;\">A verifica\u00e7\u00e3o dessas informa\u00e7\u00f5es \u00e9 realizada atrav\u00e9s do<\/span><a href=\"https:\/\/bsoft.com.br\/blog\/o-que-e-rntrc-por-que-e-importante-como-conseguir\"> <span style=\"font-weight: 400;\">RNTRC<\/span><\/a><span style=\"font-weight: 400;\"> (Registro Nacional de Transportador Rodovi\u00e1rio de Cargas.<\/span><\/p>\n<h2><span class=\"ez-toc-section\" id=\"Solucoes_para_a_sua_empresa\"><\/span><b>Solu\u00e7\u00f5es para a sua empresa\u00a0<\/b><span class=\"ez-toc-section-end\"><\/span><\/h2>\n<p><span style=\"font-weight: 400;\">Diante da import\u00e2ncia do manifesto de transporte e dos detalhes que envolvem a sua emiss\u00e3o, \u00e9 importante que a sua empresa tenha ferramentas automatizadas que agilizem o processo de emiss\u00e3o.<\/span><\/p>\n<p><span style=\"font-weight: 400;\">A Bsoft possui v\u00e1rias solu\u00e7\u00f5es, cada uma delas foi criada pensando em atender necessidades e portes diferentes de opera\u00e7\u00f5es. Confira abaixo:\u00a0<\/span><\/p>\n<ul>\n<li style=\"font-weight: 400;\" aria-level=\"1\"><b>Bsoft<\/b><a href=\"https:\/\/bsoft.com.br\/blog\/sistema-tms-o-que-e-como-contratar\"> <b>TMS<\/b><\/a><span style=\"font-weight: 400;\">: al\u00e9m de ser um sistema completo para a gest\u00e3o de transportadoras, pode ser configurado para emitir MDF-es em lote, capturando dados a partir de outros documentos e relacionando dados de seguro e CIOT de forma automatizada. Se voc\u00ea possui um volume maior de emiss\u00f5es e deseja agilizar a libera\u00e7\u00e3o dos ve\u00edculos, esta \u00e9 a alternativa certa;<\/span><\/li>\n<\/ul>\n<ul>\n<li style=\"font-weight: 400;\" aria-level=\"1\"><b>Emissor de<\/b><a href=\"https:\/\/bsoft.com.br\/blog\/ct-e-o-que-e-para-que-serve-como-saber-sua-empresa-precisa-emitir\"> <b>CTe<\/b><\/a><span style=\"font-weight: 400;\">: se voc\u00ea necessita de praticidade, e quer apenas emitir o CT-e e o MDF-e, esta \u00e9 a solu\u00e7\u00e3o mais adequada para a sua empresa. Afinal, o emissor da Bsoft permite emitir MDF-es a partir dos CT-es emitidos anteriormente no sistema;<\/span><span style=\"font-weight: 400;\"><br \/><\/span><span style=\"font-weight: 400;\">Al\u00e9m disso, existe a funcionalidade espec\u00edfica para <a href=\"https:\/\/bsoft.com.br\/emissor-mdfe\">emiss\u00e3o de MDF-e,<\/a> onde documentos emitidos em outros softwares podem ser importados para o sistema, \u00e9 poss\u00edvel configurar informa\u00e7\u00f5es e cadastros para agilizar a emiss\u00e3o;<\/span><\/li>\n<li style=\"font-weight: 400;\" aria-level=\"1\"><b>NF-e Pr\u00e1tico<\/b><span style=\"font-weight: 400;\">: precisa realizar a emiss\u00e3o de MDF-es para o transporte de mercadorias pr\u00f3prias com ve\u00edculo pr\u00f3prio? O NF-e Pr\u00e1tico \u00e9 perfeito para isso. Nele \u00e9 poss\u00edvel emitir NF-es e MDF-es de forma pr\u00e1tica e segura.\u00a0<\/span><\/li>\n<\/ul>\n<p><span style=\"font-weight: 400;\">Al\u00e9m destas funcionalidades, os clientes da Bsoft contam com suporte especializado para ajudar na emiss\u00e3o e sanar as d\u00favidas. Ficou interessado?<\/span><a href=\"https:\/\/bsoft.com.br\/\"> <span style=\"font-weight: 400;\">Acesse nosso site<\/span><\/a><span style=\"font-weight: 400;\">, para conhecer mais sobre nossas ferramentas.<\/span><\/p>\n\n\n<div class=\"hs-cta-embed hs-cta-embed-203283851921\" style=\"max-width:100%; max-height:100%; width:700px;height:433.046875px\" data-hubspot-wrapper-cta-id=\"203283851921\">\n  <link rel=\"stylesheet\" href=\"https:\/\/js.hscta.com\/embeddable_cta_placeholder_v1.css\">\n  <div class=\"hs-cta-loading-dot__container\">\n     <div class=\"hs-cta-loading-dot\"><\/div>\n     <div class=\"hs-cta-loading-dot\"><\/div>\n     <div class=\"hs-cta-loading-dot\"><\/div>\n  <\/div>\n  <div class=\"hs-cta-embed__skeleton\"><\/div>\n  <picture>\n    <source srcset=\"data:image\/gif;base64,R0lGODlhAQABAAAAACH5BAEKAAEALAAAAAABAAEAAAICTAEAOw==\" media=\"(max-width: 480px)\" \/>\n    <img decoding=\"async\" alt=\"Sistema TMS completo para a gest&atilde;o da sua transportadora Emissor de CTe, NFe, CIOT, EDI e MDFe, gest&atilde;o financeira, fiscal e muito mais em um s&oacute; lugar.&nbsp;\" loading=\"lazy\" src=\"https:\/\/no-cache.hubspot.com\/cta\/default\/23423180\/interactive-203283851921.png\" style=\"height: 100%; width: 100%; object-fit: fill\" onerror=\"this.style.display='none'\" \/>\n  <\/picture>\n<\/div>\n","protected":false},"excerpt":{"rendered":"<p>Se voc\u00ea trabalha com transportes ou transporte de cargas, j\u00e1 deve ter se deparado com o manifesto de transporte. Mas afinal de contas o que \u00e9<span class=\"excerpt-hellip\"> [\u2026]<\/span><\/p>\n","protected":false},"author":18,"featured_media":10239,"comment_status":"open","ping_status":"open","sticky":false,"template":"","format":"standard","meta":{"content-type":"","footnotes":""},"categories":[259,49,52],"tags":[356,355],"class_list":["post-7956","post","type-post","status-publish","format-standard","has-post-thumbnail","hentry","category-fiscal","category-mdfe","category-obrigatoriedades","tag-fiscal","tag-mdfe"],"yoast_head":"<!-- This site is optimized with the Yoast SEO plugin v27.0 - https:\/\/yoast.com\/product\/yoast-seo-wordpress\/ -->\n<title>Manifesto de transporte: o que \u00e9, para que serve e como emitir<\/title>\n<meta name=\"description\" content=\"Apesar de ser obrigat\u00f3rio no pa\u00eds h\u00e1 alguns anos, o Manifesto de Transporte ainda gera d\u00favidas em transportadores, confira aqui as respostas.\" \/>\n<meta name=\"robots\" content=\"index, follow, max-snippet:-1, max-image-preview:large, max-video-preview:-1\" \/>\n<link rel=\"canonical\" href=\"https:\/\/bsoft.com.br\/blog\/como-fazer-o-manifesto-de-transporte\" \/>\n<meta name=\"twitter:label1\" content=\"Escrito por\" \/>\n\t<meta name=\"twitter:data1\" content=\"Giseli Scheidt\" \/>\n\t<meta name=\"twitter:label2\" content=\"Est. tempo de leitura\" \/>\n\t<meta name=\"twitter:data2\" content=\"8 minutos\" \/>\n<script type=\"application\/ld+json\" class=\"yoast-schema-graph\">{\"@context\":\"https:\/\/schema.org\",\"@graph\":[{\"@type\":\"Article\",\"@id\":\"https:\/\/bsoft.com.br\/blog\/como-fazer-o-manifesto-de-transporte#article\",\"isPartOf\":{\"@id\":\"https:\/\/bsoft.com.br\/blog\/como-fazer-o-manifesto-de-transporte\"},\"author\":{\"name\":\"Giseli Scheidt\",\"@id\":\"\/#\/schema\/person\/b84561649ccd4bf11782362a24bd1331\"},\"headline\":\"Como fazer o manifesto de transporte?\",\"datePublished\":\"2025-09-15T11:00:00+00:00\",\"dateModified\":\"2026-01-21T18:52:10+00:00\",\"mainEntityOfPage\":{\"@id\":\"https:\/\/bsoft.com.br\/blog\/como-fazer-o-manifesto-de-transporte\"},\"wordCount\":1443,\"commentCount\":0,\"publisher\":{\"@id\":\"\/#organization\"},\"image\":{\"@id\":\"https:\/\/bsoft.com.br\/blog\/como-fazer-o-manifesto-de-transporte#primaryimage\"},\"thumbnailUrl\":\"https:\/\/bsoft.com.br\/blog\/wp-content\/uploads\/2023\/01\/manifesto_de_transporte-1.webp\",\"keywords\":[\"Fiscal\",\"MDFe\"],\"articleSection\":[\"Fiscal\",\"MDFe\",\"Obriga\u00e7\u00f5es\"],\"inLanguage\":\"pt-BR\",\"potentialAction\":[{\"@type\":\"CommentAction\",\"name\":\"Comment\",\"target\":[\"https:\/\/bsoft.com.br\/blog\/como-fazer-o-manifesto-de-transporte#respond\"]}]},{\"@type\":\"WebPage\",\"@id\":\"https:\/\/bsoft.com.br\/blog\/como-fazer-o-manifesto-de-transporte\",\"url\":\"https:\/\/bsoft.com.br\/blog\/como-fazer-o-manifesto-de-transporte\",\"name\":\"Manifesto de transporte: o que \u00e9, para que serve e como emitir\",\"isPartOf\":{\"@id\":\"\/#website\"},\"primaryImageOfPage\":{\"@id\":\"https:\/\/bsoft.com.br\/blog\/como-fazer-o-manifesto-de-transporte#primaryimage\"},\"image\":{\"@id\":\"https:\/\/bsoft.com.br\/blog\/como-fazer-o-manifesto-de-transporte#primaryimage\"},\"thumbnailUrl\":\"https:\/\/bsoft.com.br\/blog\/wp-content\/uploads\/2023\/01\/manifesto_de_transporte-1.webp\",\"datePublished\":\"2025-09-15T11:00:00+00:00\",\"dateModified\":\"2026-01-21T18:52:10+00:00\",\"description\":\"Apesar de ser obrigat\u00f3rio no pa\u00eds h\u00e1 alguns anos, o Manifesto de Transporte ainda gera d\u00favidas em transportadores, confira aqui as respostas.\",\"inLanguage\":\"pt-BR\",\"potentialAction\":[{\"@type\":\"ReadAction\",\"target\":[\"https:\/\/bsoft.com.br\/blog\/como-fazer-o-manifesto-de-transporte\"]}]},{\"@type\":\"ImageObject\",\"inLanguage\":\"pt-BR\",\"@id\":\"https:\/\/bsoft.com.br\/blog\/como-fazer-o-manifesto-de-transporte#primaryimage\",\"url\":\"https:\/\/bsoft.com.br\/blog\/wp-content\/uploads\/2023\/01\/manifesto_de_transporte-1.webp\",\"contentUrl\":\"https:\/\/bsoft.com.br\/blog\/wp-content\/uploads\/2023\/01\/manifesto_de_transporte-1.webp\",\"width\":1719,\"height\":500,\"caption\":\"Manifesto de transporte\"},{\"@type\":\"WebSite\",\"@id\":\"\/#website\",\"url\":\"\/\",\"name\":\"Blog Bsoft\",\"description\":\"Not\u00edcias, dicas e novidades sobre o setor de transporte rodovi\u00e1rio de cargas\",\"publisher\":{\"@id\":\"\/#organization\"},\"potentialAction\":[{\"@type\":\"SearchAction\",\"target\":{\"@type\":\"EntryPoint\",\"urlTemplate\":\"\/?s={search_term_string}\"},\"query-input\":{\"@type\":\"PropertyValueSpecification\",\"valueRequired\":true,\"valueName\":\"search_term_string\"}}],\"inLanguage\":\"pt-BR\"},{\"@type\":\"Organization\",\"@id\":\"\/#organization\",\"name\":\"Bsoft\",\"url\":\"\/\",\"logo\":{\"@type\":\"ImageObject\",\"inLanguage\":\"pt-BR\",\"@id\":\"\/#\/schema\/logo\/image\/\",\"url\":\"https:\/\/bsoft.com.br\/blog\/wp-content\/uploads\/2022\/02\/logo_bsoft-1.png\",\"contentUrl\":\"https:\/\/bsoft.com.br\/blog\/wp-content\/uploads\/2022\/02\/logo_bsoft-1.png\",\"width\":3000,\"height\":790,\"caption\":\"Bsoft\"},\"image\":{\"@id\":\"\/#\/schema\/logo\/image\/\"},\"sameAs\":[\"https:\/\/www.facebook.com\/grupobsoft\",\"https:\/\/x.com\/grupobsoft\",\"https:\/\/www.instagram.com\/bsoft_oficial\/\",\"https:\/\/www.linkedin.com\/company\/bsoft-internetworks\",\"https:\/\/www.youtube.com\/c\/bsoft\"]},{\"@type\":\"Person\",\"@id\":\"\/#\/schema\/person\/b84561649ccd4bf11782362a24bd1331\",\"name\":\"Giseli Scheidt\",\"image\":{\"@type\":\"ImageObject\",\"inLanguage\":\"pt-BR\",\"@id\":\"\/#\/schema\/person\/image\/\",\"url\":\"https:\/\/bsoft.com.br\/blog\/wp-content\/uploads\/2025\/06\/giseli_scheidt_2024.png\",\"contentUrl\":\"https:\/\/bsoft.com.br\/blog\/wp-content\/uploads\/2025\/06\/giseli_scheidt_2024.png\",\"caption\":\"Giseli Scheidt\"},\"url\":\"https:\/\/bsoft.com.br\/blog\/author\/giseli_scheidt\"}]}<\/script>\n<!-- \/ Yoast SEO plugin. -->","yoast_head_json":{"title":"Manifesto de transporte: o que \u00e9, para que serve e como emitir","description":"Apesar de ser obrigat\u00f3rio no pa\u00eds h\u00e1 alguns anos, o Manifesto de Transporte ainda gera d\u00favidas em transportadores, confira aqui as respostas.","robots":{"index":"index","follow":"follow","max-snippet":"max-snippet:-1","max-image-preview":"max-image-preview:large","max-video-preview":"max-video-preview:-1"},"canonical":"https:\/\/bsoft.com.br\/blog\/como-fazer-o-manifesto-de-transporte","twitter_misc":{"Escrito por":"Giseli Scheidt","Est. tempo de leitura":"8 minutos"},"schema":{"@context":"https:\/\/schema.org","@graph":[{"@type":"Article","@id":"https:\/\/bsoft.com.br\/blog\/como-fazer-o-manifesto-de-transporte#article","isPartOf":{"@id":"https:\/\/bsoft.com.br\/blog\/como-fazer-o-manifesto-de-transporte"},"author":{"name":"Giseli Scheidt","@id":"\/#\/schema\/person\/b84561649ccd4bf11782362a24bd1331"},"headline":"Como fazer o manifesto de transporte?","datePublished":"2025-09-15T11:00:00+00:00","dateModified":"2026-01-21T18:52:10+00:00","mainEntityOfPage":{"@id":"https:\/\/bsoft.com.br\/blog\/como-fazer-o-manifesto-de-transporte"},"wordCount":1443,"commentCount":0,"publisher":{"@id":"\/#organization"},"image":{"@id":"https:\/\/bsoft.com.br\/blog\/como-fazer-o-manifesto-de-transporte#primaryimage"},"thumbnailUrl":"https:\/\/bsoft.com.br\/blog\/wp-content\/uploads\/2023\/01\/manifesto_de_transporte-1.webp","keywords":["Fiscal","MDFe"],"articleSection":["Fiscal","MDFe","Obriga\u00e7\u00f5es"],"inLanguage":"pt-BR","potentialAction":[{"@type":"CommentAction","name":"Comment","target":["https:\/\/bsoft.com.br\/blog\/como-fazer-o-manifesto-de-transporte#respond"]}]},{"@type":"WebPage","@id":"https:\/\/bsoft.com.br\/blog\/como-fazer-o-manifesto-de-transporte","url":"https:\/\/bsoft.com.br\/blog\/como-fazer-o-manifesto-de-transporte","name":"Manifesto de transporte: o que \u00e9, para que serve e como emitir","isPartOf":{"@id":"\/#website"},"primaryImageOfPage":{"@id":"https:\/\/bsoft.com.br\/blog\/como-fazer-o-manifesto-de-transporte#primaryimage"},"image":{"@id":"https:\/\/bsoft.com.br\/blog\/como-fazer-o-manifesto-de-transporte#primaryimage"},"thumbnailUrl":"https:\/\/bsoft.com.br\/blog\/wp-content\/uploads\/2023\/01\/manifesto_de_transporte-1.webp","datePublished":"2025-09-15T11:00:00+00:00","dateModified":"2026-01-21T18:52:10+00:00","description":"Apesar de ser obrigat\u00f3rio no pa\u00eds h\u00e1 alguns anos, o Manifesto de Transporte ainda gera d\u00favidas em transportadores, confira aqui as respostas.","inLanguage":"pt-BR","potentialAction":[{"@type":"ReadAction","target":["https:\/\/bsoft.com.br\/blog\/como-fazer-o-manifesto-de-transporte"]}]},{"@type":"ImageObject","inLanguage":"pt-BR","@id":"https:\/\/bsoft.com.br\/blog\/como-fazer-o-manifesto-de-transporte#primaryimage","url":"https:\/\/bsoft.com.br\/blog\/wp-content\/uploads\/2023\/01\/manifesto_de_transporte-1.webp","contentUrl":"https:\/\/bsoft.com.br\/blog\/wp-content\/uploads\/2023\/01\/manifesto_de_transporte-1.webp","width":1719,"height":500,"caption":"Manifesto de transporte"},{"@type":"WebSite","@id":"\/#website","url":"\/","name":"Blog Bsoft","description":"Not\u00edcias, dicas e novidades sobre o setor de transporte rodovi\u00e1rio de cargas","publisher":{"@id":"\/#organization"},"potentialAction":[{"@type":"SearchAction","target":{"@type":"EntryPoint","urlTemplate":"\/?s={search_term_string}"},"query-input":{"@type":"PropertyValueSpecification","valueRequired":true,"valueName":"search_term_string"}}],"inLanguage":"pt-BR"},{"@type":"Organization","@id":"\/#organization","name":"Bsoft","url":"\/","logo":{"@type":"ImageObject","inLanguage":"pt-BR","@id":"\/#\/schema\/logo\/image\/","url":"https:\/\/bsoft.com.br\/blog\/wp-content\/uploads\/2022\/02\/logo_bsoft-1.png","contentUrl":"https:\/\/bsoft.com.br\/blog\/wp-content\/uploads\/2022\/02\/logo_bsoft-1.png","width":3000,"height":790,"caption":"Bsoft"},"image":{"@id":"\/#\/schema\/logo\/image\/"},"sameAs":["https:\/\/www.facebook.com\/grupobsoft","https:\/\/x.com\/grupobsoft","https:\/\/www.instagram.com\/bsoft_oficial\/","https:\/\/www.linkedin.com\/company\/bsoft-internetworks","https:\/\/www.youtube.com\/c\/bsoft"]},{"@type":"Person","@id":"\/#\/schema\/person\/b84561649ccd4bf11782362a24bd1331","name":"Giseli Scheidt","image":{"@type":"ImageObject","inLanguage":"pt-BR","@id":"\/#\/schema\/person\/image\/","url":"https:\/\/bsoft.com.br\/blog\/wp-content\/uploads\/2025\/06\/giseli_scheidt_2024.png","contentUrl":"https:\/\/bsoft.com.br\/blog\/wp-content\/uploads\/2025\/06\/giseli_scheidt_2024.png","caption":"Giseli Scheidt"},"url":"https:\/\/bsoft.com.br\/blog\/author\/giseli_scheidt"}]}},"_links":{"self":[{"href":"https:\/\/bsoft.com.br\/blog\/wp-json\/wp\/v2\/posts\/7956","targetHints":{"allow":["GET"]}}],"collection":[{"href":"https:\/\/bsoft.com.br\/blog\/wp-json\/wp\/v2\/posts"}],"about":[{"href":"https:\/\/bsoft.com.br\/blog\/wp-json\/wp\/v2\/types\/post"}],"author":[{"embeddable":true,"href":"https:\/\/bsoft.com.br\/blog\/wp-json\/wp\/v2\/users\/18"}],"replies":[{"embeddable":true,"href":"https:\/\/bsoft.com.br\/blog\/wp-json\/wp\/v2\/comments?post=7956"}],"version-history":[{"count":3,"href":"https:\/\/bsoft.com.br\/blog\/wp-json\/wp\/v2\/posts\/7956\/revisions"}],"predecessor-version":[{"id":15573,"href":"https:\/\/bsoft.com.br\/blog\/wp-json\/wp\/v2\/posts\/7956\/revisions\/15573"}],"wp:featuredmedia":[{"embeddable":true,"href":"https:\/\/bsoft.com.br\/blog\/wp-json\/wp\/v2\/media\/10239"}],"wp:attachment":[{"href":"https:\/\/bsoft.com.br\/blog\/wp-json\/wp\/v2\/media?parent=7956"}],"wp:term":[{"taxonomy":"category","embeddable":true,"href":"https:\/\/bsoft.com.br\/blog\/wp-json\/wp\/v2\/categories?post=7956"},{"taxonomy":"post_tag","embeddable":true,"href":"https:\/\/bsoft.com.br\/blog\/wp-json\/wp\/v2\/tags?post=7956"}],"curies":[{"name":"wp","href":"https:\/\/api.w.org\/{rel}","templated":true}]}}