{"id":15588,"date":"2026-01-28T15:25:17","date_gmt":"2026-01-28T18:25:17","guid":{"rendered":"https:\/\/bsoft.com.br\/blog\/?p=15588"},"modified":"2026-01-28T15:25:22","modified_gmt":"2026-01-28T18:25:22","slug":"frete-minimo","status":"publish","type":"post","link":"https:\/\/bsoft.com.br\/blog\/frete-minimo","title":{"rendered":"ANTT atualiza frete m\u00ednimo: use nossa calculadora"},"content":{"rendered":"<div id=\"bsf_rt_marker\"><\/div>\n<p>No dia 20 de janeiro de 2026 a ANTT divulgou a Resolu\u00e7\u00e3o ANTT 6076\/2026 que n\u00e3o apenas atualiza a tabela de frete m\u00ednimo, como tamb\u00e9m mudou alguns par\u00e2metros no coeficiente de c\u00e1lculo utilizado para chegar no valor do frete.&nbsp;<\/p>\n\n\n\n<h2 class=\"wp-block-heading\"><span class=\"ez-toc-section\" id=\"Por_que_a_forma_de_calculo_foi_atualizada\"><\/span><strong>Por que a forma de c\u00e1lculo foi atualizada?<\/strong><span class=\"ez-toc-section-end\"><\/span><\/h2>\n\n\n\n<p>Desde outubro de 2025 quando as informa\u00e7\u00f5es de valor e pagamento do<a href=\"https:\/\/bsoft.com.br\/blog\/tabela-de-frete-guia-completo-sobre-o-assunto\" target=\"_blank\" rel=\"noreferrer noopener\"> frete<\/a> passaram a aparecer no MDFe e a multa por desobedecer ao frete m\u00ednimo passou a ser aplicada de forma eletr\u00f4nica, a Pol\u00edtica de Pisos M\u00ednimos de frete precisou ser revista.\u00a0<\/p>\n\n\n\n<p>Esta revis\u00e3o foi realizada pela ANTT com base em contribui\u00e7\u00f5es realizadas em uma audi\u00eancia p\u00fablica que contou com 196 contribui\u00e7\u00f5es que foram analisadas pela ag\u00eancia.<\/p>\n\n\n\n<p>Para saber qual \u00e9 o novo valor de c\u00e1lculo, acesse a<a href=\"https:\/\/bsoft.com.br\/calculadora-de-frete-minimo-tabela-antt\" target=\"_blank\" rel=\"noreferrer noopener\"> Calculadora de Frete<\/a> m\u00ednimo Bsoft que j\u00e1 est\u00e1 atualizada:<\/p>\n\n\n<div class=\"banner_wrapper\" style=\"\"><div class=\"banner  banner-11061 bottom vert custom-banners-theme-default_style\" style=\"\"><img fetchpriority=\"high\" decoding=\"async\" width=\"1376\" height=\"396\" src=\"https:\/\/bsoft.com.br\/blog\/wp-content\/uploads\/2024\/05\/frete-red.webp\" class=\"attachment-full size-full\" alt=\"\" srcset=\"https:\/\/bsoft.com.br\/blog\/wp-content\/uploads\/2024\/05\/frete-red.webp 1376w, https:\/\/bsoft.com.br\/blog\/wp-content\/uploads\/2024\/05\/frete-red-300x86.webp 300w, https:\/\/bsoft.com.br\/blog\/wp-content\/uploads\/2024\/05\/frete-red-1024x295.webp 1024w, https:\/\/bsoft.com.br\/blog\/wp-content\/uploads\/2024\/05\/frete-red-768x221.webp 768w, https:\/\/bsoft.com.br\/blog\/wp-content\/uploads\/2024\/05\/frete-red-260x75.webp 260w, https:\/\/bsoft.com.br\/blog\/wp-content\/uploads\/2024\/05\/frete-red-50x14.webp 50w, https:\/\/bsoft.com.br\/blog\/wp-content\/uploads\/2024\/05\/frete-red-150x43.webp 150w\" sizes=\"(max-width: 1376px) 100vw, 1376px\" \/><a class=\"custom_banners_big_link\"  href=\"https:\/\/bsoft.com.br\/calculadora-de-frete-minimo-tabela-antt\"><\/a><\/div><\/div>\n\n\n\n<h2 class=\"wp-block-heading\"><span class=\"ez-toc-section\" id=\"Outros_pontos_que_a_Resolucao_ANTT_6076_de_19_de_janeiro_de_2026_esclareceu\"><\/span><strong>Outros pontos que a Resolu\u00e7\u00e3o ANTT 6076 de 19 de janeiro de 2026 esclareceu&nbsp;<\/strong><span class=\"ez-toc-section-end\"><\/span><\/h2>\n\n\n\n<p>Al\u00e9m da atualiza\u00e7\u00e3o nos par\u00e2metros considerados para c\u00e1lculo do frete, a Resolu\u00e7\u00e3o da ANTT tamb\u00e9m esclareceu algumas regras, alterando a Resolu\u00e7\u00e3o ANTT n\u00ba 5.867, de 14 de janeiro de 2020.&nbsp;<\/p>\n\n\n\n<p>Entre os principais pontos est\u00e3o:&nbsp;<\/p>\n\n\n\n<h3 class=\"wp-block-heading\"><strong>Defini\u00e7\u00e3o de composi\u00e7\u00e3o veicular<\/strong><\/h3>\n\n\n\n<p>A resolu\u00e7\u00e3o deixou calor que uma composi\u00e7\u00e3o veicular \u00e9 formada por um ve\u00edculo de tra\u00e7\u00e3o e um ou mais implementos rodovi\u00e1rios. Geralmente chamamos de cavalo e<a href=\"https:\/\/bsoft.com.br\/blog\/tipos-de-carretas\" target=\"_blank\" rel=\"noreferrer noopener\"> carreta<\/a> ou trator e reboque.<\/p>\n\n\n\n<h3 class=\"wp-block-heading\"><strong>O que \u00e9 exatamente transporte lota\u00e7\u00e3o<\/strong><\/h3>\n\n\n\n<p>Um esclarecimento muito importante foi sobre o processo de transporte de<a href=\"https:\/\/bsoft.com.br\/blog\/carga-lotacao\" target=\"_blank\" rel=\"noreferrer noopener\"> carga lota\u00e7\u00e3o<\/a> que \u00e9:<\/p>\n\n\n\n<ul class=\"wp-block-list\">\n<li>Um \u00fanico<a href=\"https:\/\/bsoft.com.br\/blog\/contrato-de-transporte\" target=\"_blank\" rel=\"noreferrer noopener\"> contrato de transporte<\/a>;<\/li>\n\n\n\n<li>Um \u00fanico contratante que utiliza a composi\u00e7\u00e3o veicular em exclusividade;<\/li>\n\n\n\n<li>Um \u00fanico conhecimento ou Nota Fiscal.<\/li>\n<\/ul>\n\n\n\n<p>Podemos ver que essa defini\u00e7\u00e3o \u00e9 coerente com a defini\u00e7\u00e3o da SEFAZ sobre carga lota\u00e7\u00e3o, alinhando os discursos dos dois \u00f3rg\u00e3os (algo que antes n\u00e3o acontecia).<\/p>\n\n\n\n<p>A norma definiu ainda que quando houver dois<a href=\"https:\/\/bsoft.com.br\/blog\/tipos-de-cargas\" target=\"_blank\" rel=\"noreferrer noopener\"> tipos de cargas<\/a> diferentes e um mesmo ve\u00edculo, o valor do frete deve ser calculado com base na carga de maior valor.<\/p>\n\n\n\n<h3 class=\"wp-block-heading\"><strong>Qual dist\u00e2ncia percorrida deve ser considerada<\/strong><\/h3>\n\n\n\n<p>Existiam d\u00favidas a respeito da dist\u00e2ncia que deveria ser considerada para o c\u00e1lculo do frete, se seria a dist\u00e2ncia entre cidades ou entre os endere\u00e7os. A Resolu\u00e7\u00e3o n\u00ba 6.038 esclareceu que a dist\u00e2ncia considerada deve ser a dos endere\u00e7os mencionados como origem e destino nos<a href=\"https:\/\/bsoft.com.br\/blog\/tipos-de-documentos-fiscais-eletronicos\" target=\"_blank\" rel=\"noreferrer noopener\"> documentos fiscais<\/a>.<\/p>\n\n\n\n<h3 class=\"wp-block-heading\"><strong>Se eixos suspensos entram no c\u00e1lculo do frete<\/strong><\/h3>\n\n\n\n<p>Ainda na resolu\u00e7\u00e3o, foi esclarecido que o valor do frete m\u00ednimo considera todos os eixos do ve\u00edculo, estejam eles suspensos ou n\u00e3o.<\/p>\n\n\n\n<h3 class=\"wp-block-heading\"><strong>Coeficiente de c\u00e1lculo<\/strong><\/h3>\n\n\n\n<p>Como mencionado anteriormente, nesta nova resolu\u00e7\u00e3o, foram alteradas algumas vari\u00e1veis no coeficiente de c\u00e1lculo usado pela ANTT para chegar aos valores contidos nas<a href=\"https:\/\/bsoft.com.br\/blog\/como-montar-uma-tabela-de-frete\" target=\"_blank\" rel=\"noreferrer noopener\"> tabelas<\/a>.<\/p>\n\n\n\n<p>Na pr\u00e1tica, a l\u00f3gica do c\u00e1lculo n\u00e3o mudou, continua sendo com base no peso carregado e na quantidade de km rodados. O que muda s\u00e3o alguns valores e vari\u00e1veis na forma\u00e7\u00e3o do c\u00e1lculo.<\/p>\n\n\n\n<h2 class=\"wp-block-heading\"><span class=\"ez-toc-section\" id=\"Excecoes_a_regra\"><\/span><strong>Exce\u00e7\u00f5es \u00e0 regra<\/strong><span class=\"ez-toc-section-end\"><\/span><\/h2>\n\n\n\n<p>A Resolu\u00e7\u00e3o ANTT n\u00b0 6076\/2026 trouxe casos em que a Pol\u00edtica Nacional de Pisos M\u00ednimos (PNPM) n\u00e3o se aplica, algo que faltava tratar com mais clareza nas resolu\u00e7\u00f5es anteriores, confira em quais casos o frete m\u00ednimo n\u00e3o se aplica:<\/p>\n\n\n\n<ul class=\"wp-block-list\">\n<li><a href=\"https:\/\/bsoft.com.br\/blog\/transporte-rodoviario-de-cargas\" target=\"_blank\" rel=\"noreferrer noopener\">Transporte rodovi\u00e1rio de cargas<\/a> internacional;<\/li>\n\n\n\n<li>Contratos de<a href=\"https:\/\/bsoft.com.br\/blog\/tac-agregado\" target=\"_blank\" rel=\"noreferrer noopener\"> TAC agregado<\/a> onde ele presta servi\u00e7o com seu ve\u00edculo pr\u00f3prio em car\u00e1ter de exclusividade para um embarcador ou contratante;<\/li>\n\n\n\n<li>Transporte de carga pr\u00f3pria.<\/li>\n<\/ul>\n\n\n\n<h2 class=\"wp-block-heading\"><span class=\"ez-toc-section\" id=\"Conclusao\"><\/span><strong>Conclus\u00e3o<\/strong><span class=\"ez-toc-section-end\"><\/span><\/h2>\n\n\n\n<p>Podemos dizer que a nova resolu\u00e7\u00e3o da ANTT, falou de alguns pontos que j\u00e1 sabiamos, esclareceu algumas d\u00favidas que t\u00ednhamos, mas ainda deixou alguns pontos em aberto, como por exemplo o c\u00e1lculo do frete em casos de complemento de carga.<\/p>\n\n\n\n<p>Assim sendo, seguimos aguardando mais atualiza\u00e7\u00f5es e informa\u00e7\u00f5es da ANTT e \u00e9 claro, te mantendo informado por aqui. J\u00e1 aproveite para assinar a nossa newsletter e receber resumos mensais das principais not\u00edcias do mundo do TRC.<\/p>\n","protected":false},"excerpt":{"rendered":"<p>No dia 20 de janeiro de 2026 a ANTT divulgou a Resolu\u00e7\u00e3o ANTT 6076\/2026 que n\u00e3o apenas atualiza a tabela de frete m\u00ednimo, como tamb\u00e9m mudou<span class=\"excerpt-hellip\"> [\u2026]<\/span><\/p>\n","protected":false},"author":18,"featured_media":15589,"comment_status":"open","ping_status":"open","sticky":false,"template":"","format":"standard","meta":{"content-type":"","footnotes":""},"categories":[1],"tags":[],"class_list":["post-15588","post","type-post","status-publish","format-standard","has-post-thumbnail","hentry","category-sem-categoria"],"yoast_head":"<!-- This site is optimized with the Yoast SEO plugin v27.0 - https:\/\/yoast.com\/product\/yoast-seo-wordpress\/ -->\n<title>ANTT atualiza frete m\u00ednimo: use nossa calculadora - Blog Bsoft<\/title>\n<meta name=\"description\" content=\"De tempos em tempos a tabela de frete m\u00ednimo da ANTT \u00e9 atualizada, mas desta vez n\u00e3o apenas os valores mudaram, como tamb\u00e9m as regras, confira!\" \/>\n<meta name=\"robots\" content=\"index, follow, max-snippet:-1, max-image-preview:large, max-video-preview:-1\" \/>\n<link rel=\"canonical\" href=\"https:\/\/bsoft.com.br\/blog\/frete-minimo\" \/>\n<meta name=\"twitter:label1\" content=\"Escrito por\" \/>\n\t<meta name=\"twitter:data1\" content=\"Giseli Scheidt\" \/>\n\t<meta name=\"twitter:label2\" content=\"Est. tempo de leitura\" \/>\n\t<meta name=\"twitter:data2\" content=\"4 minutos\" \/>\n<script type=\"application\/ld+json\" class=\"yoast-schema-graph\">{\"@context\":\"https:\/\/schema.org\",\"@graph\":[{\"@type\":\"Article\",\"@id\":\"https:\/\/bsoft.com.br\/blog\/frete-minimo#article\",\"isPartOf\":{\"@id\":\"https:\/\/bsoft.com.br\/blog\/frete-minimo\"},\"author\":{\"name\":\"Giseli Scheidt\",\"@id\":\"\/#\/schema\/person\/b84561649ccd4bf11782362a24bd1331\"},\"headline\":\"ANTT atualiza frete m\u00ednimo: use nossa calculadora\",\"datePublished\":\"2026-01-28T18:25:17+00:00\",\"dateModified\":\"2026-01-28T18:25:22+00:00\",\"mainEntityOfPage\":{\"@id\":\"https:\/\/bsoft.com.br\/blog\/frete-minimo\"},\"wordCount\":696,\"commentCount\":0,\"publisher\":{\"@id\":\"\/#organization\"},\"image\":{\"@id\":\"https:\/\/bsoft.com.br\/blog\/frete-minimo#primaryimage\"},\"thumbnailUrl\":\"https:\/\/bsoft.com.br\/blog\/wp-content\/uploads\/2026\/01\/frete-minimo.webp\",\"inLanguage\":\"pt-BR\",\"potentialAction\":[{\"@type\":\"CommentAction\",\"name\":\"Comment\",\"target\":[\"https:\/\/bsoft.com.br\/blog\/frete-minimo#respond\"]}]},{\"@type\":\"WebPage\",\"@id\":\"https:\/\/bsoft.com.br\/blog\/frete-minimo\",\"url\":\"https:\/\/bsoft.com.br\/blog\/frete-minimo\",\"name\":\"ANTT atualiza frete m\u00ednimo: use nossa calculadora - Blog Bsoft\",\"isPartOf\":{\"@id\":\"\/#website\"},\"primaryImageOfPage\":{\"@id\":\"https:\/\/bsoft.com.br\/blog\/frete-minimo#primaryimage\"},\"image\":{\"@id\":\"https:\/\/bsoft.com.br\/blog\/frete-minimo#primaryimage\"},\"thumbnailUrl\":\"https:\/\/bsoft.com.br\/blog\/wp-content\/uploads\/2026\/01\/frete-minimo.webp\",\"datePublished\":\"2026-01-28T18:25:17+00:00\",\"dateModified\":\"2026-01-28T18:25:22+00:00\",\"description\":\"De tempos em tempos a tabela de frete m\u00ednimo da ANTT \u00e9 atualizada, mas desta vez n\u00e3o apenas os valores mudaram, como tamb\u00e9m as regras, confira!\",\"inLanguage\":\"pt-BR\",\"potentialAction\":[{\"@type\":\"ReadAction\",\"target\":[\"https:\/\/bsoft.com.br\/blog\/frete-minimo\"]}]},{\"@type\":\"ImageObject\",\"inLanguage\":\"pt-BR\",\"@id\":\"https:\/\/bsoft.com.br\/blog\/frete-minimo#primaryimage\",\"url\":\"https:\/\/bsoft.com.br\/blog\/wp-content\/uploads\/2026\/01\/frete-minimo.webp\",\"contentUrl\":\"https:\/\/bsoft.com.br\/blog\/wp-content\/uploads\/2026\/01\/frete-minimo.webp\",\"width\":1719,\"height\":500,\"caption\":\"frete m\u00ednimo\"},{\"@type\":\"WebSite\",\"@id\":\"\/#website\",\"url\":\"\/\",\"name\":\"Blog Bsoft\",\"description\":\"Not\u00edcias, dicas e novidades sobre o setor de transporte rodovi\u00e1rio de cargas\",\"publisher\":{\"@id\":\"\/#organization\"},\"potentialAction\":[{\"@type\":\"SearchAction\",\"target\":{\"@type\":\"EntryPoint\",\"urlTemplate\":\"\/?s={search_term_string}\"},\"query-input\":{\"@type\":\"PropertyValueSpecification\",\"valueRequired\":true,\"valueName\":\"search_term_string\"}}],\"inLanguage\":\"pt-BR\"},{\"@type\":\"Organization\",\"@id\":\"\/#organization\",\"name\":\"Bsoft\",\"url\":\"\/\",\"logo\":{\"@type\":\"ImageObject\",\"inLanguage\":\"pt-BR\",\"@id\":\"\/#\/schema\/logo\/image\/\",\"url\":\"https:\/\/bsoft.com.br\/blog\/wp-content\/uploads\/2022\/02\/logo_bsoft-1.png\",\"contentUrl\":\"https:\/\/bsoft.com.br\/blog\/wp-content\/uploads\/2022\/02\/logo_bsoft-1.png\",\"width\":3000,\"height\":790,\"caption\":\"Bsoft\"},\"image\":{\"@id\":\"\/#\/schema\/logo\/image\/\"},\"sameAs\":[\"https:\/\/www.facebook.com\/grupobsoft\",\"https:\/\/x.com\/grupobsoft\",\"https:\/\/www.instagram.com\/bsoft_oficial\/\",\"https:\/\/www.linkedin.com\/company\/bsoft-internetworks\",\"https:\/\/www.youtube.com\/c\/bsoft\"]},{\"@type\":\"Person\",\"@id\":\"\/#\/schema\/person\/b84561649ccd4bf11782362a24bd1331\",\"name\":\"Giseli Scheidt\",\"image\":{\"@type\":\"ImageObject\",\"inLanguage\":\"pt-BR\",\"@id\":\"\/#\/schema\/person\/image\/\",\"url\":\"https:\/\/bsoft.com.br\/blog\/wp-content\/uploads\/2025\/06\/giseli_scheidt_2024.png\",\"contentUrl\":\"https:\/\/bsoft.com.br\/blog\/wp-content\/uploads\/2025\/06\/giseli_scheidt_2024.png\",\"caption\":\"Giseli Scheidt\"},\"url\":\"https:\/\/bsoft.com.br\/blog\/author\/giseli_scheidt\"}]}<\/script>\n<!-- \/ Yoast SEO plugin. -->","yoast_head_json":{"title":"ANTT atualiza frete m\u00ednimo: use nossa calculadora - Blog Bsoft","description":"De tempos em tempos a tabela de frete m\u00ednimo da ANTT \u00e9 atualizada, mas desta vez n\u00e3o apenas os valores mudaram, como tamb\u00e9m as regras, confira!","robots":{"index":"index","follow":"follow","max-snippet":"max-snippet:-1","max-image-preview":"max-image-preview:large","max-video-preview":"max-video-preview:-1"},"canonical":"https:\/\/bsoft.com.br\/blog\/frete-minimo","twitter_misc":{"Escrito por":"Giseli Scheidt","Est. tempo de leitura":"4 minutos"},"schema":{"@context":"https:\/\/schema.org","@graph":[{"@type":"Article","@id":"https:\/\/bsoft.com.br\/blog\/frete-minimo#article","isPartOf":{"@id":"https:\/\/bsoft.com.br\/blog\/frete-minimo"},"author":{"name":"Giseli Scheidt","@id":"\/#\/schema\/person\/b84561649ccd4bf11782362a24bd1331"},"headline":"ANTT atualiza frete m\u00ednimo: use nossa calculadora","datePublished":"2026-01-28T18:25:17+00:00","dateModified":"2026-01-28T18:25:22+00:00","mainEntityOfPage":{"@id":"https:\/\/bsoft.com.br\/blog\/frete-minimo"},"wordCount":696,"commentCount":0,"publisher":{"@id":"\/#organization"},"image":{"@id":"https:\/\/bsoft.com.br\/blog\/frete-minimo#primaryimage"},"thumbnailUrl":"https:\/\/bsoft.com.br\/blog\/wp-content\/uploads\/2026\/01\/frete-minimo.webp","inLanguage":"pt-BR","potentialAction":[{"@type":"CommentAction","name":"Comment","target":["https:\/\/bsoft.com.br\/blog\/frete-minimo#respond"]}]},{"@type":"WebPage","@id":"https:\/\/bsoft.com.br\/blog\/frete-minimo","url":"https:\/\/bsoft.com.br\/blog\/frete-minimo","name":"ANTT atualiza frete m\u00ednimo: use nossa calculadora - Blog Bsoft","isPartOf":{"@id":"\/#website"},"primaryImageOfPage":{"@id":"https:\/\/bsoft.com.br\/blog\/frete-minimo#primaryimage"},"image":{"@id":"https:\/\/bsoft.com.br\/blog\/frete-minimo#primaryimage"},"thumbnailUrl":"https:\/\/bsoft.com.br\/blog\/wp-content\/uploads\/2026\/01\/frete-minimo.webp","datePublished":"2026-01-28T18:25:17+00:00","dateModified":"2026-01-28T18:25:22+00:00","description":"De tempos em tempos a tabela de frete m\u00ednimo da ANTT \u00e9 atualizada, mas desta vez n\u00e3o apenas os valores mudaram, como tamb\u00e9m as regras, confira!","inLanguage":"pt-BR","potentialAction":[{"@type":"ReadAction","target":["https:\/\/bsoft.com.br\/blog\/frete-minimo"]}]},{"@type":"ImageObject","inLanguage":"pt-BR","@id":"https:\/\/bsoft.com.br\/blog\/frete-minimo#primaryimage","url":"https:\/\/bsoft.com.br\/blog\/wp-content\/uploads\/2026\/01\/frete-minimo.webp","contentUrl":"https:\/\/bsoft.com.br\/blog\/wp-content\/uploads\/2026\/01\/frete-minimo.webp","width":1719,"height":500,"caption":"frete m\u00ednimo"},{"@type":"WebSite","@id":"\/#website","url":"\/","name":"Blog Bsoft","description":"Not\u00edcias, dicas e novidades sobre o setor de transporte rodovi\u00e1rio de cargas","publisher":{"@id":"\/#organization"},"potentialAction":[{"@type":"SearchAction","target":{"@type":"EntryPoint","urlTemplate":"\/?s={search_term_string}"},"query-input":{"@type":"PropertyValueSpecification","valueRequired":true,"valueName":"search_term_string"}}],"inLanguage":"pt-BR"},{"@type":"Organization","@id":"\/#organization","name":"Bsoft","url":"\/","logo":{"@type":"ImageObject","inLanguage":"pt-BR","@id":"\/#\/schema\/logo\/image\/","url":"https:\/\/bsoft.com.br\/blog\/wp-content\/uploads\/2022\/02\/logo_bsoft-1.png","contentUrl":"https:\/\/bsoft.com.br\/blog\/wp-content\/uploads\/2022\/02\/logo_bsoft-1.png","width":3000,"height":790,"caption":"Bsoft"},"image":{"@id":"\/#\/schema\/logo\/image\/"},"sameAs":["https:\/\/www.facebook.com\/grupobsoft","https:\/\/x.com\/grupobsoft","https:\/\/www.instagram.com\/bsoft_oficial\/","https:\/\/www.linkedin.com\/company\/bsoft-internetworks","https:\/\/www.youtube.com\/c\/bsoft"]},{"@type":"Person","@id":"\/#\/schema\/person\/b84561649ccd4bf11782362a24bd1331","name":"Giseli Scheidt","image":{"@type":"ImageObject","inLanguage":"pt-BR","@id":"\/#\/schema\/person\/image\/","url":"https:\/\/bsoft.com.br\/blog\/wp-content\/uploads\/2025\/06\/giseli_scheidt_2024.png","contentUrl":"https:\/\/bsoft.com.br\/blog\/wp-content\/uploads\/2025\/06\/giseli_scheidt_2024.png","caption":"Giseli Scheidt"},"url":"https:\/\/bsoft.com.br\/blog\/author\/giseli_scheidt"}]}},"_links":{"self":[{"href":"https:\/\/bsoft.com.br\/blog\/wp-json\/wp\/v2\/posts\/15588","targetHints":{"allow":["GET"]}}],"collection":[{"href":"https:\/\/bsoft.com.br\/blog\/wp-json\/wp\/v2\/posts"}],"about":[{"href":"https:\/\/bsoft.com.br\/blog\/wp-json\/wp\/v2\/types\/post"}],"author":[{"embeddable":true,"href":"https:\/\/bsoft.com.br\/blog\/wp-json\/wp\/v2\/users\/18"}],"replies":[{"embeddable":true,"href":"https:\/\/bsoft.com.br\/blog\/wp-json\/wp\/v2\/comments?post=15588"}],"version-history":[{"count":1,"href":"https:\/\/bsoft.com.br\/blog\/wp-json\/wp\/v2\/posts\/15588\/revisions"}],"predecessor-version":[{"id":15590,"href":"https:\/\/bsoft.com.br\/blog\/wp-json\/wp\/v2\/posts\/15588\/revisions\/15590"}],"wp:featuredmedia":[{"embeddable":true,"href":"https:\/\/bsoft.com.br\/blog\/wp-json\/wp\/v2\/media\/15589"}],"wp:attachment":[{"href":"https:\/\/bsoft.com.br\/blog\/wp-json\/wp\/v2\/media?parent=15588"}],"wp:term":[{"taxonomy":"category","embeddable":true,"href":"https:\/\/bsoft.com.br\/blog\/wp-json\/wp\/v2\/categories?post=15588"},{"taxonomy":"post_tag","embeddable":true,"href":"https:\/\/bsoft.com.br\/blog\/wp-json\/wp\/v2\/tags?post=15588"}],"curies":[{"name":"wp","href":"https:\/\/api.w.org\/{rel}","templated":true}]}}