{"id":15384,"date":"2025-12-10T08:00:00","date_gmt":"2025-12-10T11:00:00","guid":{"rendered":"https:\/\/bsoft.com.br\/blog\/?p=15384"},"modified":"2026-04-06T17:48:42","modified_gmt":"2026-04-06T20:48:42","slug":"mudancas-no-cte-em-2026","status":"publish","type":"post","link":"https:\/\/bsoft.com.br\/blog\/mudancas-no-cte-em-2026","title":{"rendered":"Mudan\u00e7as no CTe em 2026: veja o que muda e como se preparar"},"content":{"rendered":"<div id=\"bsf_rt_marker\"><\/div>\n<p>Voc\u00ea j\u00e1 deve ter ouvido falar da Reforma Tribut\u00e1ria, ele promete grandes modifica\u00e7\u00f5es no sistema tribut\u00e1rio brasileiro. E essas mudan\u00e7as ocorrem logo em janeiro de 2026.<\/p>\n\n\n\n<p>Na pr\u00e1tica, o<a href=\"https:\/\/bsoft.com.br\/blog\/diferenca-entre-embarcador-e-transportador\"> transportador<\/a> ir\u00e1 precisar preencher as informa\u00e7\u00f5es de novos tributos nos documentos de transporte como CTe e NFe. Confira os detalhes abaixo:<\/p>\n\n\n\n<h2 class=\"wp-block-heading\"><span class=\"ez-toc-section\" id=\"O_que_muda_no_CTe_em_2026\"><\/span><strong>O que muda no CTe em 2026?<\/strong><span class=\"ez-toc-section-end\"><\/span><\/h2>\n\n\n\n<p>A nota t\u00e9cnica 2025.001 definiu um novo Layout para CTe (Conhecimento de transporte eletr\u00f4nico) contendo os campos das informa\u00e7\u00f5es dos impostos IBS e CBS criados com a reforma tribut\u00e1ria, sendo eles:<\/p>\n\n\n\n<ul class=\"wp-block-list\">\n<li>CST (C\u00f3digo da Situa\u00e7\u00e3o Tribut\u00e1ria) e C\u00f3digo da Classifica\u00e7\u00e3o tribut\u00e1ria de IBS e CBS (ser\u00e1 a mesma para ambos)<\/li>\n\n\n\n<li>Base de C\u00e1lculo e Valor do IBS e CBS, assim como a soma dos dois;<\/li>\n\n\n\n<li>Al\u00edquota, Redu\u00e7\u00e3o de al\u00edquota (se houver), Al\u00edquota Efetiva e Valor do IBS municipal, IBS estadual e CBS.<\/li>\n<\/ul>\n\n\n\n<p>S\u00e3o cerca de 18 novos campos inseridos no CTe, que se aplicam para conhecimentos de todos os modais, CTe OS (de outros servi\u00e7os),<a href=\"https:\/\/bsoft.com.br\/blog\/cte-simplificado\"> CT-e simplificado<\/a> e outras situa\u00e7\u00f5es como complemento, substitui\u00e7\u00e3o,<a href=\"https:\/\/bsoft.com.br\/blog\/controle-de-redespacho\"> redespacho<\/a> e subcontrata\u00e7\u00e3o.<\/p>\n\n\n\n<p>Juntamente com os campos, est\u00e3o sendo desenvolvidas novas regras de valida\u00e7\u00e3o para os<a href=\"https:\/\/bsoft.com.br\/blog\/tipos-de-documentos-fiscais-eletronicos\"> documentos fiscais<\/a> eletr\u00f4nicos para que os mesmos n\u00e3o sejam aprovados em caso de n\u00e3o conterem a informa\u00e7\u00e3o preenchida.<\/p>\n\n\n\n<h2 class=\"wp-block-heading\"><span class=\"ez-toc-section\" id=\"Por_que_essas_mudancas_estao_ocorrendo\"><\/span><strong>Por que essas mudan\u00e7as est\u00e3o ocorrendo?<\/strong><span class=\"ez-toc-section-end\"><\/span><\/h2>\n\n\n\n<p>Como falamos no in\u00edcio do texto, essas mudan\u00e7as foram provocadas pelas altera\u00e7\u00f5es da Reforma Tribut\u00e1ria, institu\u00edda pela Lei Complementar n\u00b0 214\/2025, que ir\u00e3o impactar todas as empresas e comercializa\u00e7\u00f5es de consumo. Ou seja, outros impostos como IR, IPTU, entre outros, n\u00e3o ir\u00e3o sofrer altera\u00e7\u00e3o.<\/p>\n\n\n\n<h2 class=\"wp-block-heading\"><span class=\"ez-toc-section\" id=\"O_que_e_a_reforma_tributaria\"><\/span><strong>O que \u00e9 a reforma tribut\u00e1ria?<\/strong><span class=\"ez-toc-section-end\"><\/span><\/h2>\n\n\n\n<p>A Reforma Tribut\u00e1ria busca simplificar o sistema tribut\u00e1rio brasileiro de bens e consumo, deixando o c\u00e1lculo e arrecada\u00e7\u00e3o de impostos mais f\u00e1cil. Para tornar isso poss\u00edvel, 5 impostos ser\u00e3o substitu\u00eddos por apenas 2, o IBS e o CBS.<\/p>\n\n\n\n<p>As mudan\u00e7as est\u00e3o sendo aplicadas com base em um modelo j\u00e1 utilizado em outros pa\u00edses, o<a href=\"https:\/\/bsoft.com.br\/blog\/iva\"> IVA (imposto<\/a> sobre valor agregado ou adicionado), mas aqui, ele vai ser o IVA Dual, formado pelo IBS e CBS.<\/p>\n\n\n\n<h2 class=\"wp-block-heading\"><span class=\"ez-toc-section\" id=\"O_que_e_IBS_e_CBS\"><\/span><strong>O que \u00e9 IBS e CBS?<\/strong><span class=\"ez-toc-section-end\"><\/span><\/h2>\n\n\n\n<p>O IBS (imposto sobre bens) e CBS (Contribui\u00e7\u00e3o sobre bens e servi\u00e7os) fazem parte do IVA dual (Imposto sobre<br><strong>IBS (Imposto sobre bens e servi\u00e7os)<\/strong>: substituir\u00e1<a href=\"https:\/\/bsoft.com.br\/blog\/calculo-do-icms\"> ICMS (Imposto<\/a> sobre circula\u00e7\u00e3o de mercadorias) e ISS (Imposto sobre servi\u00e7os) sendo destinado aos estados e munic\u00edpios;<\/p>\n\n\n\n<p><strong>CBS (Contribui\u00e7\u00e3o sobre bens e servi\u00e7os<\/strong>): substituir\u00e1 o PIS e COFINS e ir\u00e1 incorporar o IPI (que ficar\u00e1 apenas para a zona franca de Manaus)<\/p>\n\n\n\n<p>Al\u00e9m disso, tamb\u00e9m est\u00e1 sendo criado o<a href=\"https:\/\/bsoft.com.br\/blog\/imposto-seletivo\"> Imposto Seletivo<\/a>, ou Imposto do pecado, como tem sido conhecido popularmente. Ele ser\u00e1 adicionado a produtos e servi\u00e7os que causam algum dano \u00e0 sa\u00fade ou ao meio ambiente.<br>A implanta\u00e7\u00e3o da Reforma Tribut\u00e1ria ir\u00e1 ocorrer em fases, primeiro ser\u00e3o substitu\u00eddos os impostos federais, depois os estaduais e posteriormente os municipais. A previs\u00e3o \u00e9 que em 2033 o novo sistema esteja devidamente funcionando.<\/p>\n\n\n\n<h2 class=\"wp-block-heading\"><span class=\"ez-toc-section\" id=\"Como_se_preparar_para_a_Reforma_Tributaria\"><\/span><strong>Como se preparar para a Reforma Tribut\u00e1ria?<\/strong><span class=\"ez-toc-section-end\"><\/span><\/h2>\n\n\n\n<p>N\u00e3o \u00e9 apenas a adi\u00e7\u00e3o de novos campos no conhecimento de transporte eletr\u00f4nico (CTe) que ir\u00e1 impactar as empresas de transporte, existe uma s\u00e9rie de modifica\u00e7\u00f5es previstas que devem causar impactos significativos nas opera\u00e7\u00f5es.<\/p>\n\n\n\n<p>Veja abaixo uma s\u00e9rie de dicas que voc\u00ea pode utilizar para n\u00e3o sofrer muito com as mudan\u00e7as:<\/p>\n\n\n\n<h3 class=\"wp-block-heading\"><strong>Avalia\u00e7\u00e3o do sistema atual<\/strong><\/h3>\n\n\n\n<p>Como a forma de arrecada\u00e7\u00e3o dos impostos ir\u00e1 mudar, em alguns casos, ser\u00e1 necess\u00e1rio a empresa avaliar se far\u00e1 sentido manter-se no atual regime tribut\u00e1rio Para isso \u00e9 necess\u00e1rio ter um controle rigoroso de notas fiscais de entrada e da gera\u00e7\u00e3o de receitas da empresa.<\/p>\n\n\n\n<h3 class=\"wp-block-heading\"><strong>Negociar de valores de frete<\/strong><\/h3>\n\n\n\n<p>Ainda n\u00e3o se sabe quais ser\u00e3o as al\u00edquotas que ir\u00e3o ser colocadas no transporte de cargas, mas estima-se que haja aumento da carga tribut\u00e1ria desse setor, o que talvez torne necess\u00e1rio renegociar alguns contratos com clientes, principalmente aqueles de maior dura\u00e7\u00e3o.<\/p>\n\n\n\n<h3 class=\"wp-block-heading\"><strong>Melhorar o controle operacional<\/strong><\/h3>\n\n\n\n<p>Na reforma tribut\u00e1ria, um dos principais aspectos \u00e9 que as empresas parem de pagar impostos de forma cumulativa, e passem a pagar apenas sobre o valor adicionado ao produto em sua etapa de produ\u00e7\u00e3o.<\/p>\n\n\n\n<p>Esse processo ser\u00e1 realizado atrav\u00e9s de cr\u00e9ditos de impostos, que s\u00f3 podem ser recuperados se o fornecedor j\u00e1 realizou o pagamento deles.<\/p>\n\n\n\n<p>Al\u00e9m de ser necess\u00e1rio um controle muito mais efetivo das despesas (notas de entrada) e receitas (conhecimentos de transporte emitidos) ainda pode haver impacto no fluxo de caixa.<\/p>\n\n\n\n<p>Hoje, a maioria das empresas faz o pagamento dos impostos ao final do exerc\u00edcio, isso pode mudar, uma vez que no momento do recebimento do valor da presta\u00e7\u00e3o de<a href=\"https:\/\/bsoft.com.br\/blog\/tributacao-para-transportadoras\"> transporte o imposto<\/a> j\u00e1 deve ser arrecadado e o cr\u00e9dito pode demorar um pouco mais para ser recuperado.<\/p>\n\n\n\n<h2 class=\"wp-block-heading\"><span class=\"ez-toc-section\" id=\"Como_a_tecnologia_pode_ajudar\"><\/span><strong>Como a tecnologia pode ajudar?<\/strong><span class=\"ez-toc-section-end\"><\/span><\/h2>\n\n\n\n<p>Muitas pequenas e m\u00e9dias empresas ainda n\u00e3o sentem a necessidade de um sistema de gest\u00e3o, devido a terem opera\u00e7\u00f5es mais simples e controlarem a maioria das informa\u00e7\u00f5es em planilhas.<\/p>\n\n\n\n<p>Com a aplica\u00e7\u00e3o da reforma tribut\u00e1ria, esse cen\u00e1rio tende a mudar, pois a empresa n\u00e3o ir\u00e1 precisar apenas das informa\u00e7\u00f5es, mas tamb\u00e9m analis\u00e1-las de forma criteriosa para entender se est\u00e3o pagando devidamente os impostos e se est\u00e3o preparadas para a Reforma Tribut\u00e1ria.<\/p>\n\n\n\n<p>A Bsoft, est\u00e1 a mais de 19 anos no mercado e oferece ferramentas para facilitar a rotina do transportador, tanto para que ele consiga cumprir obriga\u00e7\u00f5es fiscais, como para gerenciar seu neg\u00f3cio, conseguir informa\u00e7\u00f5es sobre ele e tomar as melhores decis\u00f5es.<\/p>\n\n\n\n<p>O Bsoft TMS \u00e9 nosso principal produto, feito pensando nas necessidades de sua empresa. Al\u00e9m disso, a Bsoft faz parte da nstech, um grupo de empresas que re\u00fane as principais solu\u00e7\u00f5es de log\u00edstica da am\u00e9rica latina.<\/p>\n\n\n\n<p>Ou seja, al\u00e9m de ser um sistema completo para<a href=\"https:\/\/bsoft.com.br\/blog\/como-fazer-uma-gestao-de-transportadoras\"> gest\u00e3o de transportadoras<\/a>, o Bsoft TMS est\u00e1 conectado a outras funcionalidades cruciais para o transporte, como averba\u00e7\u00e3o, seguradoras de cargas,<a href=\"https:\/\/bsoft.com.br\/blog\/gerenciamento-de-risco-em-transporte\"> gerenciadoras de risco<\/a>, IPFs e uma s\u00e9rie de outras solu\u00e7\u00f5es.<\/p>\n\n\n\n<p>Acesse agora mesmo a <a href=\"https:\/\/bsoft.com.br\/produtos\/bsoft-tms\">p\u00e1gina do Bsoft TMS<\/a> e saiba mais!<\/p>\n\n\n\n<div class=\"hs-cta-embed hs-cta-embed-210280524163\" style=\"max-width:100%; max-height:100%; width:700px;height:363.90625px\" data-hubspot-wrapper-cta-id=\"210280524163\">\n  <link rel=\"stylesheet\" href=\"https:\/\/js.hscta.com\/embeddable_cta_placeholder_v1.css\">\n  <div class=\"hs-cta-loading-dot__container\">\n     <div class=\"hs-cta-loading-dot\"><\/div>\n     <div class=\"hs-cta-loading-dot\"><\/div>\n     <div class=\"hs-cta-loading-dot\"><\/div>\n  <\/div>\n  <div class=\"hs-cta-embed__skeleton\"><\/div>\n  <picture>\n    <source srcset=\"data:image\/gif;base64,R0lGODlhAQABAAAAACH5BAEKAAEALAAAAAABAAEAAAICTAEAOw==\" media=\"(max-width: 480px)\" \/>\n    <img decoding=\"async\" alt=\"plano +\" loading=\"lazy\" src=\"https:\/\/no-cache.hubspot.com\/cta\/default\/23423180\/interactive-210280524163.png\" style=\"height: 100%; width: 100%; object-fit: fill\" onerror=\"this.style.display='none'\" \/>\n  <\/picture>\n<\/div>\n","protected":false},"excerpt":{"rendered":"<p>Voc\u00ea j\u00e1 deve ter ouvido falar da Reforma Tribut\u00e1ria, ele promete grandes modifica\u00e7\u00f5es no sistema tribut\u00e1rio brasileiro. E essas mudan\u00e7as ocorrem logo em janeiro de 2026.<span class=\"excerpt-hellip\"> [\u2026]<\/span><\/p>\n","protected":false},"author":18,"featured_media":15395,"comment_status":"open","ping_status":"open","sticky":false,"template":"","format":"standard","meta":{"content-type":"","footnotes":""},"categories":[1],"tags":[],"class_list":["post-15384","post","type-post","status-publish","format-standard","has-post-thumbnail","hentry","category-sem-categoria"],"yoast_head":"<!-- This site is optimized with the Yoast SEO plugin v27.0 - https:\/\/yoast.com\/product\/yoast-seo-wordpress\/ -->\n<title>Mudan\u00e7as no CTe em 2026: veja o que muda e como se preparar<\/title>\n<meta name=\"description\" content=\"Mudan\u00e7as no CTe em 2026, veja o que muda e como se preparar.\" \/>\n<meta name=\"robots\" content=\"index, follow, max-snippet:-1, max-image-preview:large, max-video-preview:-1\" \/>\n<link rel=\"canonical\" href=\"https:\/\/bsoft.com.br\/blog\/mudancas-no-cte-em-2026\" \/>\n<meta name=\"twitter:label1\" content=\"Escrito por\" \/>\n\t<meta name=\"twitter:data1\" content=\"Giseli Scheidt\" \/>\n\t<meta name=\"twitter:label2\" content=\"Est. tempo de leitura\" \/>\n\t<meta name=\"twitter:data2\" content=\"6 minutos\" \/>\n<script type=\"application\/ld+json\" class=\"yoast-schema-graph\">{\"@context\":\"https:\/\/schema.org\",\"@graph\":[{\"@type\":\"Article\",\"@id\":\"https:\/\/bsoft.com.br\/blog\/mudancas-no-cte-em-2026#article\",\"isPartOf\":{\"@id\":\"https:\/\/bsoft.com.br\/blog\/mudancas-no-cte-em-2026\"},\"author\":{\"name\":\"Giseli Scheidt\",\"@id\":\"\/#\/schema\/person\/b84561649ccd4bf11782362a24bd1331\"},\"headline\":\"Mudan\u00e7as no CTe em 2026: veja o que muda e como se preparar\",\"datePublished\":\"2025-12-10T11:00:00+00:00\",\"dateModified\":\"2026-04-06T20:48:42+00:00\",\"mainEntityOfPage\":{\"@id\":\"https:\/\/bsoft.com.br\/blog\/mudancas-no-cte-em-2026\"},\"wordCount\":1099,\"commentCount\":0,\"publisher\":{\"@id\":\"\/#organization\"},\"image\":{\"@id\":\"https:\/\/bsoft.com.br\/blog\/mudancas-no-cte-em-2026#primaryimage\"},\"thumbnailUrl\":\"https:\/\/bsoft.com.br\/blog\/wp-content\/uploads\/2025\/12\/cte-2026.webp\",\"inLanguage\":\"pt-BR\",\"potentialAction\":[{\"@type\":\"CommentAction\",\"name\":\"Comment\",\"target\":[\"https:\/\/bsoft.com.br\/blog\/mudancas-no-cte-em-2026#respond\"]}]},{\"@type\":\"WebPage\",\"@id\":\"https:\/\/bsoft.com.br\/blog\/mudancas-no-cte-em-2026\",\"url\":\"https:\/\/bsoft.com.br\/blog\/mudancas-no-cte-em-2026\",\"name\":\"Mudan\u00e7as no CTe em 2026: veja o que muda e como se preparar\",\"isPartOf\":{\"@id\":\"\/#website\"},\"primaryImageOfPage\":{\"@id\":\"https:\/\/bsoft.com.br\/blog\/mudancas-no-cte-em-2026#primaryimage\"},\"image\":{\"@id\":\"https:\/\/bsoft.com.br\/blog\/mudancas-no-cte-em-2026#primaryimage\"},\"thumbnailUrl\":\"https:\/\/bsoft.com.br\/blog\/wp-content\/uploads\/2025\/12\/cte-2026.webp\",\"datePublished\":\"2025-12-10T11:00:00+00:00\",\"dateModified\":\"2026-04-06T20:48:42+00:00\",\"description\":\"Mudan\u00e7as no CTe em 2026, veja o que muda e como se preparar.\",\"inLanguage\":\"pt-BR\",\"potentialAction\":[{\"@type\":\"ReadAction\",\"target\":[\"https:\/\/bsoft.com.br\/blog\/mudancas-no-cte-em-2026\"]}]},{\"@type\":\"ImageObject\",\"inLanguage\":\"pt-BR\",\"@id\":\"https:\/\/bsoft.com.br\/blog\/mudancas-no-cte-em-2026#primaryimage\",\"url\":\"https:\/\/bsoft.com.br\/blog\/wp-content\/uploads\/2025\/12\/cte-2026.webp\",\"contentUrl\":\"https:\/\/bsoft.com.br\/blog\/wp-content\/uploads\/2025\/12\/cte-2026.webp\",\"width\":1719,\"height\":500,\"caption\":\"mudan\u00e7as cte 2026\"},{\"@type\":\"WebSite\",\"@id\":\"\/#website\",\"url\":\"\/\",\"name\":\"Blog Bsoft\",\"description\":\"Not\u00edcias, dicas e novidades sobre o setor de transporte rodovi\u00e1rio de cargas\",\"publisher\":{\"@id\":\"\/#organization\"},\"potentialAction\":[{\"@type\":\"SearchAction\",\"target\":{\"@type\":\"EntryPoint\",\"urlTemplate\":\"\/?s={search_term_string}\"},\"query-input\":{\"@type\":\"PropertyValueSpecification\",\"valueRequired\":true,\"valueName\":\"search_term_string\"}}],\"inLanguage\":\"pt-BR\"},{\"@type\":\"Organization\",\"@id\":\"\/#organization\",\"name\":\"Bsoft\",\"url\":\"\/\",\"logo\":{\"@type\":\"ImageObject\",\"inLanguage\":\"pt-BR\",\"@id\":\"\/#\/schema\/logo\/image\/\",\"url\":\"https:\/\/bsoft.com.br\/blog\/wp-content\/uploads\/2022\/02\/logo_bsoft-1.png\",\"contentUrl\":\"https:\/\/bsoft.com.br\/blog\/wp-content\/uploads\/2022\/02\/logo_bsoft-1.png\",\"width\":3000,\"height\":790,\"caption\":\"Bsoft\"},\"image\":{\"@id\":\"\/#\/schema\/logo\/image\/\"},\"sameAs\":[\"https:\/\/www.facebook.com\/grupobsoft\",\"https:\/\/x.com\/grupobsoft\",\"https:\/\/www.instagram.com\/bsoft_oficial\/\",\"https:\/\/www.linkedin.com\/company\/bsoft-internetworks\",\"https:\/\/www.youtube.com\/c\/bsoft\"]},{\"@type\":\"Person\",\"@id\":\"\/#\/schema\/person\/b84561649ccd4bf11782362a24bd1331\",\"name\":\"Giseli Scheidt\",\"image\":{\"@type\":\"ImageObject\",\"inLanguage\":\"pt-BR\",\"@id\":\"\/#\/schema\/person\/image\/\",\"url\":\"https:\/\/bsoft.com.br\/blog\/wp-content\/uploads\/2025\/06\/giseli_scheidt_2024.png\",\"contentUrl\":\"https:\/\/bsoft.com.br\/blog\/wp-content\/uploads\/2025\/06\/giseli_scheidt_2024.png\",\"caption\":\"Giseli Scheidt\"},\"url\":\"https:\/\/bsoft.com.br\/blog\/author\/giseli_scheidt\"}]}<\/script>\n<!-- \/ Yoast SEO plugin. -->","yoast_head_json":{"title":"Mudan\u00e7as no CTe em 2026: veja o que muda e como se preparar","description":"Mudan\u00e7as no CTe em 2026, veja o que muda e como se preparar.","robots":{"index":"index","follow":"follow","max-snippet":"max-snippet:-1","max-image-preview":"max-image-preview:large","max-video-preview":"max-video-preview:-1"},"canonical":"https:\/\/bsoft.com.br\/blog\/mudancas-no-cte-em-2026","twitter_misc":{"Escrito por":"Giseli Scheidt","Est. tempo de leitura":"6 minutos"},"schema":{"@context":"https:\/\/schema.org","@graph":[{"@type":"Article","@id":"https:\/\/bsoft.com.br\/blog\/mudancas-no-cte-em-2026#article","isPartOf":{"@id":"https:\/\/bsoft.com.br\/blog\/mudancas-no-cte-em-2026"},"author":{"name":"Giseli Scheidt","@id":"\/#\/schema\/person\/b84561649ccd4bf11782362a24bd1331"},"headline":"Mudan\u00e7as no CTe em 2026: veja o que muda e como se preparar","datePublished":"2025-12-10T11:00:00+00:00","dateModified":"2026-04-06T20:48:42+00:00","mainEntityOfPage":{"@id":"https:\/\/bsoft.com.br\/blog\/mudancas-no-cte-em-2026"},"wordCount":1099,"commentCount":0,"publisher":{"@id":"\/#organization"},"image":{"@id":"https:\/\/bsoft.com.br\/blog\/mudancas-no-cte-em-2026#primaryimage"},"thumbnailUrl":"https:\/\/bsoft.com.br\/blog\/wp-content\/uploads\/2025\/12\/cte-2026.webp","inLanguage":"pt-BR","potentialAction":[{"@type":"CommentAction","name":"Comment","target":["https:\/\/bsoft.com.br\/blog\/mudancas-no-cte-em-2026#respond"]}]},{"@type":"WebPage","@id":"https:\/\/bsoft.com.br\/blog\/mudancas-no-cte-em-2026","url":"https:\/\/bsoft.com.br\/blog\/mudancas-no-cte-em-2026","name":"Mudan\u00e7as no CTe em 2026: veja o que muda e como se preparar","isPartOf":{"@id":"\/#website"},"primaryImageOfPage":{"@id":"https:\/\/bsoft.com.br\/blog\/mudancas-no-cte-em-2026#primaryimage"},"image":{"@id":"https:\/\/bsoft.com.br\/blog\/mudancas-no-cte-em-2026#primaryimage"},"thumbnailUrl":"https:\/\/bsoft.com.br\/blog\/wp-content\/uploads\/2025\/12\/cte-2026.webp","datePublished":"2025-12-10T11:00:00+00:00","dateModified":"2026-04-06T20:48:42+00:00","description":"Mudan\u00e7as no CTe em 2026, veja o que muda e como se preparar.","inLanguage":"pt-BR","potentialAction":[{"@type":"ReadAction","target":["https:\/\/bsoft.com.br\/blog\/mudancas-no-cte-em-2026"]}]},{"@type":"ImageObject","inLanguage":"pt-BR","@id":"https:\/\/bsoft.com.br\/blog\/mudancas-no-cte-em-2026#primaryimage","url":"https:\/\/bsoft.com.br\/blog\/wp-content\/uploads\/2025\/12\/cte-2026.webp","contentUrl":"https:\/\/bsoft.com.br\/blog\/wp-content\/uploads\/2025\/12\/cte-2026.webp","width":1719,"height":500,"caption":"mudan\u00e7as cte 2026"},{"@type":"WebSite","@id":"\/#website","url":"\/","name":"Blog Bsoft","description":"Not\u00edcias, dicas e novidades sobre o setor de transporte rodovi\u00e1rio de cargas","publisher":{"@id":"\/#organization"},"potentialAction":[{"@type":"SearchAction","target":{"@type":"EntryPoint","urlTemplate":"\/?s={search_term_string}"},"query-input":{"@type":"PropertyValueSpecification","valueRequired":true,"valueName":"search_term_string"}}],"inLanguage":"pt-BR"},{"@type":"Organization","@id":"\/#organization","name":"Bsoft","url":"\/","logo":{"@type":"ImageObject","inLanguage":"pt-BR","@id":"\/#\/schema\/logo\/image\/","url":"https:\/\/bsoft.com.br\/blog\/wp-content\/uploads\/2022\/02\/logo_bsoft-1.png","contentUrl":"https:\/\/bsoft.com.br\/blog\/wp-content\/uploads\/2022\/02\/logo_bsoft-1.png","width":3000,"height":790,"caption":"Bsoft"},"image":{"@id":"\/#\/schema\/logo\/image\/"},"sameAs":["https:\/\/www.facebook.com\/grupobsoft","https:\/\/x.com\/grupobsoft","https:\/\/www.instagram.com\/bsoft_oficial\/","https:\/\/www.linkedin.com\/company\/bsoft-internetworks","https:\/\/www.youtube.com\/c\/bsoft"]},{"@type":"Person","@id":"\/#\/schema\/person\/b84561649ccd4bf11782362a24bd1331","name":"Giseli Scheidt","image":{"@type":"ImageObject","inLanguage":"pt-BR","@id":"\/#\/schema\/person\/image\/","url":"https:\/\/bsoft.com.br\/blog\/wp-content\/uploads\/2025\/06\/giseli_scheidt_2024.png","contentUrl":"https:\/\/bsoft.com.br\/blog\/wp-content\/uploads\/2025\/06\/giseli_scheidt_2024.png","caption":"Giseli Scheidt"},"url":"https:\/\/bsoft.com.br\/blog\/author\/giseli_scheidt"}]}},"_links":{"self":[{"href":"https:\/\/bsoft.com.br\/blog\/wp-json\/wp\/v2\/posts\/15384","targetHints":{"allow":["GET"]}}],"collection":[{"href":"https:\/\/bsoft.com.br\/blog\/wp-json\/wp\/v2\/posts"}],"about":[{"href":"https:\/\/bsoft.com.br\/blog\/wp-json\/wp\/v2\/types\/post"}],"author":[{"embeddable":true,"href":"https:\/\/bsoft.com.br\/blog\/wp-json\/wp\/v2\/users\/18"}],"replies":[{"embeddable":true,"href":"https:\/\/bsoft.com.br\/blog\/wp-json\/wp\/v2\/comments?post=15384"}],"version-history":[{"count":4,"href":"https:\/\/bsoft.com.br\/blog\/wp-json\/wp\/v2\/posts\/15384\/revisions"}],"predecessor-version":[{"id":15737,"href":"https:\/\/bsoft.com.br\/blog\/wp-json\/wp\/v2\/posts\/15384\/revisions\/15737"}],"wp:featuredmedia":[{"embeddable":true,"href":"https:\/\/bsoft.com.br\/blog\/wp-json\/wp\/v2\/media\/15395"}],"wp:attachment":[{"href":"https:\/\/bsoft.com.br\/blog\/wp-json\/wp\/v2\/media?parent=15384"}],"wp:term":[{"taxonomy":"category","embeddable":true,"href":"https:\/\/bsoft.com.br\/blog\/wp-json\/wp\/v2\/categories?post=15384"},{"taxonomy":"post_tag","embeddable":true,"href":"https:\/\/bsoft.com.br\/blog\/wp-json\/wp\/v2\/tags?post=15384"}],"curies":[{"name":"wp","href":"https:\/\/api.w.org\/{rel}","templated":true}]}}